{"id":3798,"date":"2022-08-09T22:00:00","date_gmt":"2022-08-09T20:00:00","guid":{"rendered":"https:\/\/festival.praguepride.com\/handle-with-care\/"},"modified":"2022-08-12T10:37:41","modified_gmt":"2022-08-12T08:37:41","slug":"handle-with-care","status":"publish","type":"post","link":"https:\/\/festival.praguepride.com\/en\/handle-with-care\/","title":{"rendered":"Handle with care"},"content":{"rendered":"<div class=\"block\n  block--core-post-date\n  block--align-none\n      \">\n  <div class=\"wp-block-post-date\"><time datetime=\"2022-08-09T22:00:00+02:00\">9. August 2022<\/time><\/div>\n<\/div>\n<div class=\"block\n  block--core-paragraph\n  block--align-none\n      \">\n  \n<p>Foto: V\u011bra Nemochovsk\u00e1<\/p>\n\n<\/div>\n<div class=\"block\n  block--core-post-featured-image\n  block--align-none\n      \">\n  <figure class=\"wp-block-post-featured-image\"><img loading=\"lazy\" decoding=\"async\" width=\"1920\" height=\"1080\" src=\"https:\/\/festival.praguepride.com\/app\/uploads\/2022\/08\/20220808_pridecafe_handlewithcare_veranemochovska_DSC_4745-1920x1080-c-default.jpg\" class=\"attachment-large_crop size-large_crop wp-post-image\" alt=\"\" style=\"object-fit:cover;\" \/><figcaption class=\"u-fs--200 u-pt--200\"><\/figcaption><\/figure>\n<\/div>\n<div class=\"block\n  block--core-paragraph\n  block--align-none\n      \">\n  \n<p><\/p>\n\n<\/div>\n<div class=\"block\n  block--acf-gallery\n  block--align-none\n      \">\n  <div class=\"b-gallery js-gallery\">\n      <a\n      href=\"https:\/\/festival.praguepride.com\/app\/uploads\/2022\/08\/20220808_pridecafe_handlewithcare_veranemochovska_DSC_4779-1920x0-c-default.jpg\"\n      data-barba-prevent>\n      <figure class=\"b-gallery__item\">\n        <img decoding=\"async\" srcset=\"https:\/\/festival.praguepride.com\/app\/uploads\/2022\/08\/20220808_pridecafe_handlewithcare_veranemochovska_DSC_4779-220x220-c-default.jpg 220w, https:\/\/festival.praguepride.com\/app\/uploads\/2022\/08\/20220808_pridecafe_handlewithcare_veranemochovska_DSC_4779-440x440-c-default.jpg 440w\" src=\"data:image\/gif;base64,R0lGODlhAQABAIAAAAAAAP\/\/\/yH5BAEAAAAALAAAAAABAAEAAAIBRAA7\"\n          class=\"b-gallery__thumbnail\"\n          loading=\"lazy\"\n          width=\"512\"\n          height=\"512\"\n          alt=\"20220808_pridecafe_handlewithcare_veranemochovska_DSC_4779\"\/>\n      <\/figure>\n    <\/a>\n      <a\n      href=\"https:\/\/festival.praguepride.com\/app\/uploads\/2022\/08\/20220808_pridecafe_handlewithcare_veranemochovska_DSC_4767-1920x0-c-default.jpg\"\n      data-barba-prevent>\n      <figure class=\"b-gallery__item\">\n        <img decoding=\"async\" srcset=\"https:\/\/festival.praguepride.com\/app\/uploads\/2022\/08\/20220808_pridecafe_handlewithcare_veranemochovska_DSC_4767-220x220-c-default.jpg 220w, https:\/\/festival.praguepride.com\/app\/uploads\/2022\/08\/20220808_pridecafe_handlewithcare_veranemochovska_DSC_4767-440x440-c-default.jpg 440w\" src=\"data:image\/gif;base64,R0lGODlhAQABAIAAAAAAAP\/\/\/yH5BAEAAAAALAAAAAABAAEAAAIBRAA7\"\n          class=\"b-gallery__thumbnail\"\n          loading=\"lazy\"\n          width=\"512\"\n          height=\"512\"\n          alt=\"20220808_pridecafe_handlewithcare_veranemochovska_DSC_4767\"\/>\n      <\/figure>\n    <\/a>\n      <a\n      href=\"https:\/\/festival.praguepride.com\/app\/uploads\/2022\/08\/20220808_pridecafe_handlewithcare_veranemochovska_DSC_4745-1920x0-c-default.jpg\"\n      data-barba-prevent>\n      <figure class=\"b-gallery__item\">\n        <img decoding=\"async\" srcset=\"https:\/\/festival.praguepride.com\/app\/uploads\/2022\/08\/20220808_pridecafe_handlewithcare_veranemochovska_DSC_4745-220x220-c-default.jpg 220w, https:\/\/festival.praguepride.com\/app\/uploads\/2022\/08\/20220808_pridecafe_handlewithcare_veranemochovska_DSC_4745-440x440-c-default.jpg 440w\" src=\"data:image\/gif;base64,R0lGODlhAQABAIAAAAAAAP\/\/\/yH5BAEAAAAALAAAAAABAAEAAAIBRAA7\"\n          class=\"b-gallery__thumbnail\"\n          loading=\"lazy\"\n          width=\"512\"\n          height=\"512\"\n          alt=\"20220808_pridecafe_handlewithcare_veranemochovska_DSC_4745\"\/>\n      <\/figure>\n    <\/a>\n      <a\n      href=\"https:\/\/festival.praguepride.com\/app\/uploads\/2022\/08\/20220808_pridecafe_handlewithcare_veranemochovska_DSC_4737-1920x0-c-default.jpg\"\n      data-barba-prevent>\n      <figure class=\"b-gallery__item\">\n        <img decoding=\"async\" srcset=\"https:\/\/festival.praguepride.com\/app\/uploads\/2022\/08\/20220808_pridecafe_handlewithcare_veranemochovska_DSC_4737-220x220-c-default.jpg 220w, https:\/\/festival.praguepride.com\/app\/uploads\/2022\/08\/20220808_pridecafe_handlewithcare_veranemochovska_DSC_4737-440x440-c-default.jpg 440w\" src=\"data:image\/gif;base64,R0lGODlhAQABAIAAAAAAAP\/\/\/yH5BAEAAAAALAAAAAABAAEAAAIBRAA7\"\n          class=\"b-gallery__thumbnail\"\n          loading=\"lazy\"\n          width=\"512\"\n          height=\"512\"\n          alt=\"20220808_pridecafe_handlewithcare_veranemochovska_DSC_4737\"\/>\n      <\/figure>\n    <\/a>\n      <a\n      href=\"https:\/\/festival.praguepride.com\/app\/uploads\/2022\/08\/20220808_pridecafe_handlewithcare_veranemochovska_DSC_4718-1920x0-c-default.jpg\"\n      data-barba-prevent>\n      <figure class=\"b-gallery__item\">\n        <img decoding=\"async\" srcset=\"https:\/\/festival.praguepride.com\/app\/uploads\/2022\/08\/20220808_pridecafe_handlewithcare_veranemochovska_DSC_4718-220x220-c-default.jpg 220w, https:\/\/festival.praguepride.com\/app\/uploads\/2022\/08\/20220808_pridecafe_handlewithcare_veranemochovska_DSC_4718-440x440-c-default.jpg 440w\" src=\"data:image\/gif;base64,R0lGODlhAQABAIAAAAAAAP\/\/\/yH5BAEAAAAALAAAAAABAAEAAAIBRAA7\"\n          class=\"b-gallery__thumbnail\"\n          loading=\"lazy\"\n          width=\"512\"\n          height=\"512\"\n          alt=\"20220808_pridecafe_handlewithcare_veranemochovska_DSC_4718\"\/>\n      <\/figure>\n    <\/a>\n      <a\n      href=\"https:\/\/festival.praguepride.com\/app\/uploads\/2022\/08\/20220808_pridecafe_handlewithcare_veranemochovska_DSC_4715-1920x0-c-default.jpg\"\n      data-barba-prevent>\n      <figure class=\"b-gallery__item\">\n        <img decoding=\"async\" srcset=\"https:\/\/festival.praguepride.com\/app\/uploads\/2022\/08\/20220808_pridecafe_handlewithcare_veranemochovska_DSC_4715-220x220-c-default.jpg 220w, https:\/\/festival.praguepride.com\/app\/uploads\/2022\/08\/20220808_pridecafe_handlewithcare_veranemochovska_DSC_4715-440x440-c-default.jpg 440w\" src=\"data:image\/gif;base64,R0lGODlhAQABAIAAAAAAAP\/\/\/yH5BAEAAAAALAAAAAABAAEAAAIBRAA7\"\n          class=\"b-gallery__thumbnail\"\n          loading=\"lazy\"\n          width=\"512\"\n          height=\"512\"\n          alt=\"20220808_pridecafe_handlewithcare_veranemochovska_DSC_4715\"\/>\n      <\/figure>\n    <\/a>\n      <a\n      href=\"https:\/\/festival.praguepride.com\/app\/uploads\/2022\/08\/20220808_pridecafe_handlewithcare_veranemochovska_DSC_4618-1920x0-c-default.jpg\"\n      data-barba-prevent>\n      <figure class=\"b-gallery__item\">\n        <img decoding=\"async\" srcset=\"https:\/\/festival.praguepride.com\/app\/uploads\/2022\/08\/20220808_pridecafe_handlewithcare_veranemochovska_DSC_4618-220x220-c-default.jpg 220w, https:\/\/festival.praguepride.com\/app\/uploads\/2022\/08\/20220808_pridecafe_handlewithcare_veranemochovska_DSC_4618-440x440-c-default.jpg 440w\" src=\"data:image\/gif;base64,R0lGODlhAQABAIAAAAAAAP\/\/\/yH5BAEAAAAALAAAAAABAAEAAAIBRAA7\"\n          class=\"b-gallery__thumbnail\"\n          loading=\"lazy\"\n          width=\"512\"\n          height=\"512\"\n          alt=\"20220808_pridecafe_handlewithcare_veranemochovska_DSC_4618\"\/>\n      <\/figure>\n    <\/a>\n      <a\n      href=\"https:\/\/festival.praguepride.com\/app\/uploads\/2022\/08\/20220808_pridecafe_handlewithcare_veranemochovska_DSC_4605-1920x0-c-default.jpg\"\n      data-barba-prevent>\n      <figure class=\"b-gallery__item\">\n        <img decoding=\"async\" srcset=\"https:\/\/festival.praguepride.com\/app\/uploads\/2022\/08\/20220808_pridecafe_handlewithcare_veranemochovska_DSC_4605-220x220-c-default.jpg 220w, https:\/\/festival.praguepride.com\/app\/uploads\/2022\/08\/20220808_pridecafe_handlewithcare_veranemochovska_DSC_4605-440x440-c-default.jpg 440w\" src=\"data:image\/gif;base64,R0lGODlhAQABAIAAAAAAAP\/\/\/yH5BAEAAAAALAAAAAABAAEAAAIBRAA7\"\n          class=\"b-gallery__thumbnail\"\n          loading=\"lazy\"\n          width=\"512\"\n          height=\"512\"\n          alt=\"20220808_pridecafe_handlewithcare_veranemochovska_DSC_4605\"\/>\n      <\/figure>\n    <\/a>\n      <a\n      href=\"https:\/\/festival.praguepride.com\/app\/uploads\/2022\/08\/20220808_pridecafe_handlewithcare_veranemochovska_DSC_4572-1920x0-c-default.jpg\"\n      data-barba-prevent>\n      <figure class=\"b-gallery__item\">\n        <img decoding=\"async\" srcset=\"https:\/\/festival.praguepride.com\/app\/uploads\/2022\/08\/20220808_pridecafe_handlewithcare_veranemochovska_DSC_4572-220x220-c-default.jpg 220w, https:\/\/festival.praguepride.com\/app\/uploads\/2022\/08\/20220808_pridecafe_handlewithcare_veranemochovska_DSC_4572-440x440-c-default.jpg 440w\" src=\"data:image\/gif;base64,R0lGODlhAQABAIAAAAAAAP\/\/\/yH5BAEAAAAALAAAAAABAAEAAAIBRAA7\"\n          class=\"b-gallery__thumbnail\"\n          loading=\"lazy\"\n          width=\"512\"\n          height=\"512\"\n          alt=\"20220808_pridecafe_handlewithcare_veranemochovska_DSC_4572\"\/>\n      <\/figure>\n    <\/a>\n      <a\n      href=\"https:\/\/festival.praguepride.com\/app\/uploads\/2022\/08\/20220808_pridecafe_handlewithcare_veranemochovska_DSC_4570-1920x0-c-default.jpg\"\n      data-barba-prevent>\n      <figure class=\"b-gallery__item\">\n        <img decoding=\"async\" srcset=\"https:\/\/festival.praguepride.com\/app\/uploads\/2022\/08\/20220808_pridecafe_handlewithcare_veranemochovska_DSC_4570-220x220-c-default.jpg 220w, https:\/\/festival.praguepride.com\/app\/uploads\/2022\/08\/20220808_pridecafe_handlewithcare_veranemochovska_DSC_4570-440x440-c-default.jpg 440w\" src=\"data:image\/gif;base64,R0lGODlhAQABAIAAAAAAAP\/\/\/yH5BAEAAAAALAAAAAABAAEAAAIBRAA7\"\n          class=\"b-gallery__thumbnail\"\n          loading=\"lazy\"\n          width=\"512\"\n          height=\"512\"\n          alt=\"20220808_pridecafe_handlewithcare_veranemochovska_DSC_4570\"\/>\n      <\/figure>\n    <\/a>\n  <\/div>\n\n<\/div>\n","protected":false},"excerpt":{"rendered":"<p>Foto: V\u011bra Nemochovsk\u00e1<\/p>\n","protected":false},"author":1,"featured_media":3790,"comment_status":"closed","ping_status":"closed","sticky":false,"template":"","format":"standard","meta":{"footnotes":""},"categories":[65,66,68],"tags":[],"class_list":["post-3798","post","type-post","status-publish","format-standard","has-post-thumbnail","hentry","category-festival-2022-fotogalerie","category-fotogalerie","category-photogallery"],"acf":[],"yoast_head":"<!-- This site is optimized with the Yoast SEO plugin v27.3 - https:\/\/yoast.com\/product\/yoast-seo-wordpress\/ -->\n<title>Prague Pride Festival<\/title>\n<meta name=\"robots\" content=\"index, follow, max-snippet:-1, max-image-preview:large, max-video-preview:-1\" \/>\n<link rel=\"canonical\" href=\"https:\/\/festival.praguepride.com\/en\/handle-with-care\/\" \/>\n<meta property=\"og:locale\" content=\"en_US\" \/>\n<meta property=\"og:type\" content=\"article\" \/>\n<meta property=\"og:site_name\" content=\"Prague Pride Festival\" \/>\n<meta property=\"article:publisher\" content=\"https:\/\/www.facebook.com\/PraguePrideCZ\" \/>\n<meta property=\"article:published_time\" content=\"2022-08-09T20:00:00+00:00\" \/>\n<meta property=\"article:modified_time\" content=\"2022-08-12T08:37:41+00:00\" \/>\n<meta property=\"og:image\" content=\"https:\/\/festival.praguepride.com\/app\/uploads\/2022\/08\/20220808_pridecafe_handlewithcare_veranemochovska_DSC_4745.jpg\" \/>\n\t<meta property=\"og:image:width\" content=\"2560\" \/>\n\t<meta property=\"og:image:height\" content=\"1707\" \/>\n\t<meta property=\"og:image:type\" content=\"image\/jpeg\" \/>\n<meta name=\"author\" content=\"jelinek@plnt.cz\" \/>\n<meta name=\"twitter:card\" content=\"summary_large_image\" \/>\n<meta name=\"twitter:creator\" content=\"@praguepride\" \/>\n<meta name=\"twitter:site\" content=\"@praguepride\" \/>\n<script type=\"application\/ld+json\" class=\"yoast-schema-graph\">{\"@context\":\"https:\\\/\\\/schema.org\",\"@graph\":[{\"@type\":\"Article\",\"@id\":\"https:\\\/\\\/festival.praguepride.com\\\/en\\\/handle-with-care\\\/#article\",\"isPartOf\":{\"@id\":\"https:\\\/\\\/festival.praguepride.com\\\/en\\\/handle-with-care\\\/\"},\"author\":{\"name\":\"jelinek@plnt.cz\",\"@id\":\"https:\\\/\\\/festival.praguepride.com\\\/en\\\/#\\\/schema\\\/person\\\/70ae4de22c8d5ff50226582f4f2cd8b2\"},\"headline\":\"Handle with care\",\"datePublished\":\"2022-08-09T20:00:00+00:00\",\"dateModified\":\"2022-08-12T08:37:41+00:00\",\"mainEntityOfPage\":{\"@id\":\"https:\\\/\\\/festival.praguepride.com\\\/en\\\/handle-with-care\\\/\"},\"wordCount\":7,\"publisher\":{\"@id\":\"https:\\\/\\\/festival.praguepride.com\\\/en\\\/#organization\"},\"image\":{\"@id\":\"https:\\\/\\\/festival.praguepride.com\\\/en\\\/handle-with-care\\\/#primaryimage\"},\"thumbnailUrl\":\"https:\\\/\\\/festival.praguepride.com\\\/app\\\/uploads\\\/2022\\\/08\\\/20220808_pridecafe_handlewithcare_veranemochovska_DSC_4745.jpg\",\"articleSection\":[\"Festival 2022 fotogalerie\",\"Fotogalerie\",\"Photogallery\"],\"inLanguage\":\"en-US\"},{\"@type\":\"WebPage\",\"@id\":\"https:\\\/\\\/festival.praguepride.com\\\/en\\\/handle-with-care\\\/\",\"url\":\"https:\\\/\\\/festival.praguepride.com\\\/en\\\/handle-with-care\\\/\",\"name\":\"Handle with care | Prague Pride Festival\",\"isPartOf\":{\"@id\":\"https:\\\/\\\/festival.praguepride.com\\\/en\\\/#website\"},\"primaryImageOfPage\":{\"@id\":\"https:\\\/\\\/festival.praguepride.com\\\/en\\\/handle-with-care\\\/#primaryimage\"},\"image\":{\"@id\":\"https:\\\/\\\/festival.praguepride.com\\\/en\\\/handle-with-care\\\/#primaryimage\"},\"thumbnailUrl\":\"https:\\\/\\\/festival.praguepride.com\\\/app\\\/uploads\\\/2022\\\/08\\\/20220808_pridecafe_handlewithcare_veranemochovska_DSC_4745.jpg\",\"datePublished\":\"2022-08-09T20:00:00+00:00\",\"dateModified\":\"2022-08-12T08:37:41+00:00\",\"description\":\"D\u011bkujeme n\u00e1v\u0161t\u011bvnictvu Prague Pride Festivalu 2024! Do pr\u016fvodu v\u00e1s p\u0159i\u0161lo p\u0159es 100 000. T\u011b\u0161\u00edme se na v\u00e1s na Prague Pride Festivalu 28. 7. \u2013 3. 8. 2025\",\"breadcrumb\":{\"@id\":\"https:\\\/\\\/festival.praguepride.com\\\/en\\\/handle-with-care\\\/#breadcrumb\"},\"inLanguage\":\"en-US\",\"potentialAction\":[{\"@type\":\"ReadAction\",\"target\":[\"https:\\\/\\\/festival.praguepride.com\\\/en\\\/handle-with-care\\\/\"]}]},{\"@type\":\"ImageObject\",\"inLanguage\":\"en-US\",\"@id\":\"https:\\\/\\\/festival.praguepride.com\\\/en\\\/handle-with-care\\\/#primaryimage\",\"url\":\"https:\\\/\\\/festival.praguepride.com\\\/app\\\/uploads\\\/2022\\\/08\\\/20220808_pridecafe_handlewithcare_veranemochovska_DSC_4745.jpg\",\"contentUrl\":\"https:\\\/\\\/festival.praguepride.com\\\/app\\\/uploads\\\/2022\\\/08\\\/20220808_pridecafe_handlewithcare_veranemochovska_DSC_4745.jpg\",\"width\":2560,\"height\":1707},{\"@type\":\"BreadcrumbList\",\"@id\":\"https:\\\/\\\/festival.praguepride.com\\\/en\\\/handle-with-care\\\/#breadcrumb\",\"itemListElement\":[{\"@type\":\"ListItem\",\"position\":1,\"name\":\"Home\",\"item\":\"https:\\\/\\\/festival.praguepride.com\\\/en\\\/\"},{\"@type\":\"ListItem\",\"position\":2,\"name\":\"Handle with care\"}]},{\"@type\":\"WebSite\",\"@id\":\"https:\\\/\\\/festival.praguepride.com\\\/en\\\/#website\",\"url\":\"https:\\\/\\\/festival.praguepride.com\\\/en\\\/\",\"name\":\"Prague Pride Festival\",\"description\":\"3\\\/8 - 9\\\/8\\\/2026\",\"publisher\":{\"@id\":\"https:\\\/\\\/festival.praguepride.com\\\/en\\\/#organization\"},\"potentialAction\":[{\"@type\":\"SearchAction\",\"target\":{\"@type\":\"EntryPoint\",\"urlTemplate\":\"https:\\\/\\\/festival.praguepride.com\\\/en\\\/?s={search_term_string}\"},\"query-input\":{\"@type\":\"PropertyValueSpecification\",\"valueRequired\":true,\"valueName\":\"search_term_string\"}}],\"inLanguage\":\"en-US\"},{\"@type\":\"Organization\",\"@id\":\"https:\\\/\\\/festival.praguepride.com\\\/en\\\/#organization\",\"name\":\"Prague Pride Festival\",\"url\":\"https:\\\/\\\/festival.praguepride.com\\\/en\\\/\",\"logo\":{\"@type\":\"ImageObject\",\"inLanguage\":\"en-US\",\"@id\":\"https:\\\/\\\/festival.praguepride.com\\\/en\\\/#\\\/schema\\\/logo\\\/image\\\/\",\"url\":\"https:\\\/\\\/festival.praguepride.com\\\/app\\\/uploads\\\/2022\\\/06\\\/favicon.png\",\"contentUrl\":\"https:\\\/\\\/festival.praguepride.com\\\/app\\\/uploads\\\/2022\\\/06\\\/favicon.png\",\"width\":512,\"height\":512,\"caption\":\"Prague Pride Festival\"},\"image\":{\"@id\":\"https:\\\/\\\/festival.praguepride.com\\\/en\\\/#\\\/schema\\\/logo\\\/image\\\/\"},\"sameAs\":[\"https:\\\/\\\/www.facebook.com\\\/PraguePrideCZ\",\"https:\\\/\\\/x.com\\\/praguepride\",\"https:\\\/\\\/www.instagram.com\\\/prague.pride\\\/\",\"https:\\\/\\\/www.linkedin.com\\\/company\\\/prague-pride-o.s.\\\/\"]},{\"@type\":\"Person\",\"@id\":\"https:\\\/\\\/festival.praguepride.com\\\/en\\\/#\\\/schema\\\/person\\\/70ae4de22c8d5ff50226582f4f2cd8b2\",\"name\":\"jelinek@plnt.cz\",\"image\":{\"@type\":\"ImageObject\",\"inLanguage\":\"en-US\",\"@id\":\"https:\\\/\\\/secure.gravatar.com\\\/avatar\\\/a83971c0bc89657a398c90450b0a670f48ee1156f9651897eadf0e8e89a25465?s=96&d=mm&r=g\",\"url\":\"https:\\\/\\\/secure.gravatar.com\\\/avatar\\\/a83971c0bc89657a398c90450b0a670f48ee1156f9651897eadf0e8e89a25465?s=96&d=mm&r=g\",\"contentUrl\":\"https:\\\/\\\/secure.gravatar.com\\\/avatar\\\/a83971c0bc89657a398c90450b0a670f48ee1156f9651897eadf0e8e89a25465?s=96&d=mm&r=g\",\"caption\":\"jelinek@plnt.cz\"},\"sameAs\":[\"https:\\\/\\\/festival.praguepride.com\\\/wp\"]}]}<\/script>\n<!-- \/ Yoast SEO plugin. -->","yoast_head_json":{"title":"Prague Pride Festival","robots":{"index":"index","follow":"follow","max-snippet":"max-snippet:-1","max-image-preview":"max-image-preview:large","max-video-preview":"max-video-preview:-1"},"canonical":"https:\/\/festival.praguepride.com\/en\/handle-with-care\/","og_locale":"en_US","og_type":"article","og_site_name":"Prague Pride Festival","article_publisher":"https:\/\/www.facebook.com\/PraguePrideCZ","article_published_time":"2022-08-09T20:00:00+00:00","article_modified_time":"2022-08-12T08:37:41+00:00","og_image":[{"width":2560,"height":1707,"url":"https:\/\/festival.praguepride.com\/app\/uploads\/2022\/08\/20220808_pridecafe_handlewithcare_veranemochovska_DSC_4745.jpg","type":"image\/jpeg"}],"author":"jelinek@plnt.cz","twitter_card":"summary_large_image","twitter_creator":"@praguepride","twitter_site":"@praguepride","schema":{"@context":"https:\/\/schema.org","@graph":[{"@type":"Article","@id":"https:\/\/festival.praguepride.com\/en\/handle-with-care\/#article","isPartOf":{"@id":"https:\/\/festival.praguepride.com\/en\/handle-with-care\/"},"author":{"name":"jelinek@plnt.cz","@id":"https:\/\/festival.praguepride.com\/en\/#\/schema\/person\/70ae4de22c8d5ff50226582f4f2cd8b2"},"headline":"Handle with care","datePublished":"2022-08-09T20:00:00+00:00","dateModified":"2022-08-12T08:37:41+00:00","mainEntityOfPage":{"@id":"https:\/\/festival.praguepride.com\/en\/handle-with-care\/"},"wordCount":7,"publisher":{"@id":"https:\/\/festival.praguepride.com\/en\/#organization"},"image":{"@id":"https:\/\/festival.praguepride.com\/en\/handle-with-care\/#primaryimage"},"thumbnailUrl":"https:\/\/festival.praguepride.com\/app\/uploads\/2022\/08\/20220808_pridecafe_handlewithcare_veranemochovska_DSC_4745.jpg","articleSection":["Festival 2022 fotogalerie","Fotogalerie","Photogallery"],"inLanguage":"en-US"},{"@type":"WebPage","@id":"https:\/\/festival.praguepride.com\/en\/handle-with-care\/","url":"https:\/\/festival.praguepride.com\/en\/handle-with-care\/","name":"Handle with care | Prague Pride Festival","isPartOf":{"@id":"https:\/\/festival.praguepride.com\/en\/#website"},"primaryImageOfPage":{"@id":"https:\/\/festival.praguepride.com\/en\/handle-with-care\/#primaryimage"},"image":{"@id":"https:\/\/festival.praguepride.com\/en\/handle-with-care\/#primaryimage"},"thumbnailUrl":"https:\/\/festival.praguepride.com\/app\/uploads\/2022\/08\/20220808_pridecafe_handlewithcare_veranemochovska_DSC_4745.jpg","datePublished":"2022-08-09T20:00:00+00:00","dateModified":"2022-08-12T08:37:41+00:00","description":"D\u011bkujeme n\u00e1v\u0161t\u011bvnictvu Prague Pride Festivalu 2024! Do pr\u016fvodu v\u00e1s p\u0159i\u0161lo p\u0159es 100 000. T\u011b\u0161\u00edme se na v\u00e1s na Prague Pride Festivalu 28. 7. \u2013 3. 8. 2025","breadcrumb":{"@id":"https:\/\/festival.praguepride.com\/en\/handle-with-care\/#breadcrumb"},"inLanguage":"en-US","potentialAction":[{"@type":"ReadAction","target":["https:\/\/festival.praguepride.com\/en\/handle-with-care\/"]}]},{"@type":"ImageObject","inLanguage":"en-US","@id":"https:\/\/festival.praguepride.com\/en\/handle-with-care\/#primaryimage","url":"https:\/\/festival.praguepride.com\/app\/uploads\/2022\/08\/20220808_pridecafe_handlewithcare_veranemochovska_DSC_4745.jpg","contentUrl":"https:\/\/festival.praguepride.com\/app\/uploads\/2022\/08\/20220808_pridecafe_handlewithcare_veranemochovska_DSC_4745.jpg","width":2560,"height":1707},{"@type":"BreadcrumbList","@id":"https:\/\/festival.praguepride.com\/en\/handle-with-care\/#breadcrumb","itemListElement":[{"@type":"ListItem","position":1,"name":"Home","item":"https:\/\/festival.praguepride.com\/en\/"},{"@type":"ListItem","position":2,"name":"Handle with care"}]},{"@type":"WebSite","@id":"https:\/\/festival.praguepride.com\/en\/#website","url":"https:\/\/festival.praguepride.com\/en\/","name":"Prague Pride Festival","description":"3\/8 - 9\/8\/2026","publisher":{"@id":"https:\/\/festival.praguepride.com\/en\/#organization"},"potentialAction":[{"@type":"SearchAction","target":{"@type":"EntryPoint","urlTemplate":"https:\/\/festival.praguepride.com\/en\/?s={search_term_string}"},"query-input":{"@type":"PropertyValueSpecification","valueRequired":true,"valueName":"search_term_string"}}],"inLanguage":"en-US"},{"@type":"Organization","@id":"https:\/\/festival.praguepride.com\/en\/#organization","name":"Prague Pride Festival","url":"https:\/\/festival.praguepride.com\/en\/","logo":{"@type":"ImageObject","inLanguage":"en-US","@id":"https:\/\/festival.praguepride.com\/en\/#\/schema\/logo\/image\/","url":"https:\/\/festival.praguepride.com\/app\/uploads\/2022\/06\/favicon.png","contentUrl":"https:\/\/festival.praguepride.com\/app\/uploads\/2022\/06\/favicon.png","width":512,"height":512,"caption":"Prague Pride Festival"},"image":{"@id":"https:\/\/festival.praguepride.com\/en\/#\/schema\/logo\/image\/"},"sameAs":["https:\/\/www.facebook.com\/PraguePrideCZ","https:\/\/x.com\/praguepride","https:\/\/www.instagram.com\/prague.pride\/","https:\/\/www.linkedin.com\/company\/prague-pride-o.s.\/"]},{"@type":"Person","@id":"https:\/\/festival.praguepride.com\/en\/#\/schema\/person\/70ae4de22c8d5ff50226582f4f2cd8b2","name":"jelinek@plnt.cz","image":{"@type":"ImageObject","inLanguage":"en-US","@id":"https:\/\/secure.gravatar.com\/avatar\/a83971c0bc89657a398c90450b0a670f48ee1156f9651897eadf0e8e89a25465?s=96&d=mm&r=g","url":"https:\/\/secure.gravatar.com\/avatar\/a83971c0bc89657a398c90450b0a670f48ee1156f9651897eadf0e8e89a25465?s=96&d=mm&r=g","contentUrl":"https:\/\/secure.gravatar.com\/avatar\/a83971c0bc89657a398c90450b0a670f48ee1156f9651897eadf0e8e89a25465?s=96&d=mm&r=g","caption":"jelinek@plnt.cz"},"sameAs":["https:\/\/festival.praguepride.com\/wp"]}]}},"_links":{"self":[{"href":"https:\/\/festival.praguepride.com\/en\/wp-json\/wp\/v2\/posts\/3798","targetHints":{"allow":["GET"]}}],"collection":[{"href":"https:\/\/festival.praguepride.com\/en\/wp-json\/wp\/v2\/posts"}],"about":[{"href":"https:\/\/festival.praguepride.com\/en\/wp-json\/wp\/v2\/types\/post"}],"author":[{"embeddable":true,"href":"https:\/\/festival.praguepride.com\/en\/wp-json\/wp\/v2\/users\/1"}],"replies":[{"embeddable":true,"href":"https:\/\/festival.praguepride.com\/en\/wp-json\/wp\/v2\/comments?post=3798"}],"version-history":[{"count":2,"href":"https:\/\/festival.praguepride.com\/en\/wp-json\/wp\/v2\/posts\/3798\/revisions"}],"predecessor-version":[{"id":3801,"href":"https:\/\/festival.praguepride.com\/en\/wp-json\/wp\/v2\/posts\/3798\/revisions\/3801"}],"wp:featuredmedia":[{"embeddable":true,"href":"https:\/\/festival.praguepride.com\/en\/wp-json\/wp\/v2\/media\/3790"}],"wp:attachment":[{"href":"https:\/\/festival.praguepride.com\/en\/wp-json\/wp\/v2\/media?parent=3798"}],"wp:term":[{"taxonomy":"category","embeddable":true,"href":"https:\/\/festival.praguepride.com\/en\/wp-json\/wp\/v2\/categories?post=3798"},{"taxonomy":"post_tag","embeddable":true,"href":"https:\/\/festival.praguepride.com\/en\/wp-json\/wp\/v2\/tags?post=3798"}],"curies":[{"name":"wp","href":"https:\/\/api.w.org\/{rel}","templated":true}]}}