{"id":31602,"date":"2026-04-07T19:58:47","date_gmt":"2026-04-07T17:58:47","guid":{"rendered":"https:\/\/festival.praguepride.com\/?p=31602"},"modified":"2026-04-13T19:53:57","modified_gmt":"2026-04-13T17:53:57","slug":"pride-park-is-leaving-letna","status":"publish","type":"post","link":"https:\/\/festival.praguepride.com\/en\/pride-park-is-leaving-letna\/","title":{"rendered":"PRIDE PARK IS LEAVING LETN\u00c1"},"content":{"rendered":"<div class=\"block\n  block--core-post-featured-image\n  block--align-none\n      \">\n  <figure class=\"wp-block-post-featured-image\"><img loading=\"lazy\" decoding=\"async\" width=\"1920\" height=\"1080\" src=\"https:\/\/festival.praguepride.com\/app\/uploads\/2024\/08\/Mosna-02128-1920x1080-c-default.jpg\" class=\"attachment-large_crop size-large_crop wp-post-image\" alt=\"\" style=\"object-fit:cover;\" \/><figcaption class=\"u-fs--200 u-pt--200\"><\/figcaption><\/figure>\n<\/div>\n\n\n<div class=\"block\n  block--core-paragraph\n  block--align-none\n      \">\n  \n<p><strong>Letn\u00e1 is a&nbsp;lost cause. After thirteen years, Pride Park is moving to \u0160tvanice Island. Times are changing!<\/strong><\/p>\n\n<\/div>\n\n\n<div class=\"block\n  block--core-paragraph\n  block--align-none\n    u-pb--400  \">\n  \n<p>We\u2019re leaving Letn\u00e1. <strong>We\u2019re moving to \u0160tvanice.<\/strong> And we think it\u2019s great news! The first Pride Park was held in Letensk\u00e1 pl\u00e1\u0148 in 2013. It was a&nbsp;wonderful place, and we had many fabulous Pride parade finales there \u2013 so many memories, glitter, sweat, and tears forever pressed into the Letn\u00e1 sand. Farewell!<\/p>\n\n<\/div>\n\n\n<div class=\"block\n  block--acf-gallery\n  block--align-none\n      \">\n  <div class=\"b-gallery js-gallery\">\n      <a\n      href=\"https:\/\/festival.praguepride.com\/app\/uploads\/2026\/04\/DSC_7452-1920x0-c-default.jpg\"\n      data-barba-prevent>\n      <figure class=\"b-gallery__item\">\n        <img decoding=\"async\" srcset=\"https:\/\/festival.praguepride.com\/app\/uploads\/2026\/04\/DSC_7452-220x220-c-default.jpg 220w, https:\/\/festival.praguepride.com\/app\/uploads\/2026\/04\/DSC_7452-440x440-c-default.jpg 440w\" src=\"data:image\/gif;base64,R0lGODlhAQABAIAAAAAAAP\/\/\/yH5BAEAAAAALAAAAAABAAEAAAIBRAA7\"\n          class=\"b-gallery__thumbnail\"\n          loading=\"lazy\"\n          width=\"512\"\n          height=\"512\"\n          alt=\"DSC_7452\"\/>\n      <\/figure>\n    <\/a>\n      <a\n      href=\"https:\/\/festival.praguepride.com\/app\/uploads\/2026\/04\/20100101229-2-1920x0-c-default.jpg\"\n      data-barba-prevent>\n      <figure class=\"b-gallery__item\">\n        <img decoding=\"async\" srcset=\"https:\/\/festival.praguepride.com\/app\/uploads\/2026\/04\/20100101229-2-220x220-c-default.jpg 220w, https:\/\/festival.praguepride.com\/app\/uploads\/2026\/04\/20100101229-2-440x440-c-default.jpg 440w\" src=\"data:image\/gif;base64,R0lGODlhAQABAIAAAAAAAP\/\/\/yH5BAEAAAAALAAAAAABAAEAAAIBRAA7\"\n          class=\"b-gallery__thumbnail\"\n          loading=\"lazy\"\n          width=\"512\"\n          height=\"512\"\n          alt=\"OLYMPUS DIGITAL CAMERA\"\/>\n      <\/figure>\n    <\/a>\n      <a\n      href=\"https:\/\/festival.praguepride.com\/app\/uploads\/2026\/04\/KMB_1774-1920x0-c-default.jpg\"\n      data-barba-prevent>\n      <figure class=\"b-gallery__item\">\n        <img decoding=\"async\" srcset=\"https:\/\/festival.praguepride.com\/app\/uploads\/2026\/04\/KMB_1774-220x220-c-default.jpg 220w, https:\/\/festival.praguepride.com\/app\/uploads\/2026\/04\/KMB_1774-440x440-c-default.jpg 440w\" src=\"data:image\/gif;base64,R0lGODlhAQABAIAAAAAAAP\/\/\/yH5BAEAAAAALAAAAAABAAEAAAIBRAA7\"\n          class=\"b-gallery__thumbnail\"\n          loading=\"lazy\"\n          width=\"512\"\n          height=\"512\"\n          alt=\"KMB_1774\"\/>\n      <\/figure>\n    <\/a>\n      <a\n      href=\"https:\/\/festival.praguepride.com\/app\/uploads\/2026\/04\/prague-pride-2013056-1920x0-c-default.jpg\"\n      data-barba-prevent>\n      <figure class=\"b-gallery__item\">\n        <img decoding=\"async\" srcset=\"https:\/\/festival.praguepride.com\/app\/uploads\/2026\/04\/prague-pride-2013056-220x220-c-default.jpg 220w, https:\/\/festival.praguepride.com\/app\/uploads\/2026\/04\/prague-pride-2013056-440x440-c-default.jpg 440w\" src=\"data:image\/gif;base64,R0lGODlhAQABAIAAAAAAAP\/\/\/yH5BAEAAAAALAAAAAABAAEAAAIBRAA7\"\n          class=\"b-gallery__thumbnail\"\n          loading=\"lazy\"\n          width=\"512\"\n          height=\"512\"\n          alt=\"prague pride 2013056\"\/>\n      <\/figure>\n    <\/a>\n  <\/div>\n\n<\/div>\n\n\n<div class=\"block\n  block--core-paragraph\n  block--align-none\n    u-pb--400  \">\n  \n<p>Letensk\u00e1 pl\u00e1\u0148 came with a&nbsp;lot of production challenges (try building a&nbsp;stage in a&nbsp;desert!) and complications. It wasn\u2019t the most comfortable spot for visitors, and creating a&nbsp;welcoming space there (again, it\u2019s a&nbsp;desert!) was a&nbsp;real struggle. Heat, dust, sand, puddles, mud. And those stairs! The truth is, we\u2019ve been thinking about changing the location for a&nbsp;while.<\/p>\n\n<\/div>\n\n\n<div class=\"block\n  block--acf-gallery\n  block--align-none\n      \">\n  <div class=\"b-gallery js-gallery\">\n      <a\n      href=\"https:\/\/festival.praguepride.com\/app\/uploads\/2025\/08\/Pride-Park_LeitoslavChromek-61-1920x0-c-default.jpg\"\n      data-barba-prevent>\n      <figure class=\"b-gallery__item\">\n        <img decoding=\"async\" srcset=\"https:\/\/festival.praguepride.com\/app\/uploads\/2025\/08\/Pride-Park_LeitoslavChromek-61-220x220-c-default.jpg 220w, https:\/\/festival.praguepride.com\/app\/uploads\/2025\/08\/Pride-Park_LeitoslavChromek-61-440x440-c-default.jpg 440w\" src=\"data:image\/gif;base64,R0lGODlhAQABAIAAAAAAAP\/\/\/yH5BAEAAAAALAAAAAABAAEAAAIBRAA7\"\n          class=\"b-gallery__thumbnail\"\n          loading=\"lazy\"\n          width=\"512\"\n          height=\"512\"\n          alt=\"Pride Park_Le\u0301i\u0301toslavChromek (61)\"\/>\n      <\/figure>\n    <\/a>\n      <a\n      href=\"https:\/\/festival.praguepride.com\/app\/uploads\/2025\/08\/1721_Village_JanoBenec_A2400460-1-1920x0-c-default.jpg\"\n      data-barba-prevent>\n      <figure class=\"b-gallery__item\">\n        <img decoding=\"async\" srcset=\"https:\/\/festival.praguepride.com\/app\/uploads\/2025\/08\/1721_Village_JanoBenec_A2400460-1-220x220-c-default.jpg 220w, https:\/\/festival.praguepride.com\/app\/uploads\/2025\/08\/1721_Village_JanoBenec_A2400460-1-440x440-c-default.jpg 440w\" src=\"data:image\/gif;base64,R0lGODlhAQABAIAAAAAAAP\/\/\/yH5BAEAAAAALAAAAAABAAEAAAIBRAA7\"\n          class=\"b-gallery__thumbnail\"\n          loading=\"lazy\"\n          width=\"512\"\n          height=\"512\"\n          alt=\"1721_Village_JanoBenec_A2400460\"\/>\n      <\/figure>\n    <\/a>\n      <a\n      href=\"https:\/\/festival.praguepride.com\/app\/uploads\/2024\/08\/15-ORANGE-STAGE_AlzbetaIvancenko_69-1920x0-c-default.jpg\"\n      data-barba-prevent>\n      <figure class=\"b-gallery__item\">\n        <img decoding=\"async\" srcset=\"https:\/\/festival.praguepride.com\/app\/uploads\/2024\/08\/15-ORANGE-STAGE_AlzbetaIvancenko_69-220x220-c-default.jpg 220w, https:\/\/festival.praguepride.com\/app\/uploads\/2024\/08\/15-ORANGE-STAGE_AlzbetaIvancenko_69-440x440-c-default.jpg 440w\" src=\"data:image\/gif;base64,R0lGODlhAQABAIAAAAAAAP\/\/\/yH5BAEAAAAALAAAAAABAAEAAAIBRAA7\"\n          class=\"b-gallery__thumbnail\"\n          loading=\"lazy\"\n          width=\"512\"\n          height=\"512\"\n          alt=\"15-ORANGE STAGE_Alz\u030cbe\u030ctaIvanc\u030cenko_69\"\/>\n      <\/figure>\n    <\/a>\n      <a\n      href=\"https:\/\/festival.praguepride.com\/app\/uploads\/2024\/08\/Mosna-02106-1920x0-c-default.jpg\"\n      data-barba-prevent>\n      <figure class=\"b-gallery__item\">\n        <img decoding=\"async\" srcset=\"https:\/\/festival.praguepride.com\/app\/uploads\/2024\/08\/Mosna-02106-220x220-c-default.jpg 220w, https:\/\/festival.praguepride.com\/app\/uploads\/2024\/08\/Mosna-02106-440x440-c-default.jpg 440w\" src=\"data:image\/gif;base64,R0lGODlhAQABAIAAAAAAAP\/\/\/yH5BAEAAAAALAAAAAABAAEAAAIBRAA7\"\n          class=\"b-gallery__thumbnail\"\n          loading=\"lazy\"\n          width=\"512\"\n          height=\"512\"\n          alt=\"Mosna-02106\"\/>\n      <\/figure>\n    <\/a>\n  <\/div>\n\n<\/div>\n\n\n<div class=\"block\n  block--core-paragraph\n  block--align-none\n      \">\n  \n<p>If there\u2019s anywhere in Prague that\u2019s truly beautiful in the summer, it\u2019s the islands. And \u0160tvanice, in our opinion, is the most beautiful of all. So this year, Pride Park is moving there\u2014to the area behind the tennis courts and skate park, near the HolKa footbridge and Baden Baden.<\/p>\n\n<\/div>\n\n\n<div class=\"block\n  block--core-paragraph\n  block--align-none\n    u-pb--400  \">\n  \n<p>We believe the comfort \u0160tvanice offers \u2013 more trees, grass, cooler shade, the river (summer swimming!), more options for chill-out zones, much better accessibility, and of course instant summer vibes \u2013 will be a&nbsp;welcome change for us and, most importantly, FOR YOU. A&nbsp;big thank you to Prague 7 for their support and collaboration.<\/p>\n\n<\/div>\n\n\n<div class=\"block\n  block--core-heading\n  block--align-none\n      \">\n  \n<h3 class=\"wp-block-heading\"><strong>So save the date: 8.&nbsp;8.&nbsp;2026<\/strong><\/h3>\n\n<\/div>\n\n\n<div class=\"block\n  block--acf-gallery\n  block--align-none\n      \">\n  <div class=\"b-gallery js-gallery\">\n  <\/div>\n\n<\/div>\n","protected":false},"excerpt":{"rendered":"<p>Letn\u00e1 is a&nbsp;lost cause. After thirteen years, Pride Park is moving to \u0160tvanice Island. Times are changing! We\u2019re leaving Letn\u00e1. We\u2019re moving to \u0160tvanice. And we think it\u2019s great news! The first Pride Park was held in Letensk\u00e1 pl\u00e1\u0148 in 2013. It was a&nbsp;wonderful place, and we had many fabulous Pride parade finales there \u2013 [&hellip;]<\/p>\n","protected":false},"author":11,"featured_media":25098,"comment_status":"closed","ping_status":"closed","sticky":false,"template":"","format":"standard","meta":{"footnotes":""},"categories":[55],"tags":[],"class_list":["post-31602","post","type-post","status-publish","format-standard","has-post-thumbnail","hentry","category-blog"],"acf":[],"yoast_head":"<!-- This site is optimized with the Yoast SEO plugin v27.3 - https:\/\/yoast.com\/product\/yoast-seo-wordpress\/ -->\n<title>Prague Pride Festival<\/title>\n<meta name=\"robots\" content=\"index, follow, max-snippet:-1, max-image-preview:large, max-video-preview:-1\" \/>\n<link rel=\"canonical\" href=\"https:\/\/festival.praguepride.com\/en\/pride-park-is-leaving-letna\/\" \/>\n<meta property=\"og:locale\" content=\"en_US\" \/>\n<meta property=\"og:type\" content=\"article\" \/>\n<meta property=\"og:site_name\" content=\"Prague Pride Festival\" \/>\n<meta property=\"article:publisher\" content=\"https:\/\/www.facebook.com\/PraguePrideCZ\" \/>\n<meta property=\"article:published_time\" content=\"2026-04-07T17:58:47+00:00\" \/>\n<meta property=\"article:modified_time\" content=\"2026-04-13T17:53:57+00:00\" \/>\n<meta property=\"og:image\" content=\"https:\/\/festival.praguepride.com\/app\/uploads\/2024\/08\/Mosna-02128.jpg\" \/>\n\t<meta property=\"og:image:width\" content=\"1920\" \/>\n\t<meta property=\"og:image:height\" content=\"1280\" \/>\n\t<meta property=\"og:image:type\" content=\"image\/jpeg\" \/>\n<meta name=\"author\" content=\"G\u00e1bi Kincl\" \/>\n<meta name=\"twitter:card\" content=\"summary_large_image\" \/>\n<meta name=\"twitter:creator\" content=\"@praguepride\" \/>\n<meta name=\"twitter:site\" content=\"@praguepride\" \/>\n<script type=\"application\/ld+json\" class=\"yoast-schema-graph\">{\"@context\":\"https:\\\/\\\/schema.org\",\"@graph\":[{\"@type\":\"Article\",\"@id\":\"https:\\\/\\\/festival.praguepride.com\\\/en\\\/pride-park-is-leaving-letna\\\/#article\",\"isPartOf\":{\"@id\":\"https:\\\/\\\/festival.praguepride.com\\\/en\\\/pride-park-is-leaving-letna\\\/\"},\"author\":{\"name\":\"G\u00e1bi Kincl\",\"@id\":\"https:\\\/\\\/festival.praguepride.com\\\/en\\\/#\\\/schema\\\/person\\\/434ffb4b1a034d02f8e6cbb4b2692ef3\"},\"headline\":\"PRIDE PARK IS LEAVING LETN\u00c1\",\"datePublished\":\"2026-04-07T17:58:47+00:00\",\"dateModified\":\"2026-04-13T17:53:57+00:00\",\"mainEntityOfPage\":{\"@id\":\"https:\\\/\\\/festival.praguepride.com\\\/en\\\/pride-park-is-leaving-letna\\\/\"},\"wordCount\":250,\"publisher\":{\"@id\":\"https:\\\/\\\/festival.praguepride.com\\\/en\\\/#organization\"},\"image\":{\"@id\":\"https:\\\/\\\/festival.praguepride.com\\\/en\\\/pride-park-is-leaving-letna\\\/#primaryimage\"},\"thumbnailUrl\":\"https:\\\/\\\/festival.praguepride.com\\\/app\\\/uploads\\\/2024\\\/08\\\/Mosna-02128.jpg\",\"articleSection\":[\"Blog\"],\"inLanguage\":\"en-US\"},{\"@type\":\"WebPage\",\"@id\":\"https:\\\/\\\/festival.praguepride.com\\\/en\\\/pride-park-is-leaving-letna\\\/\",\"url\":\"https:\\\/\\\/festival.praguepride.com\\\/en\\\/pride-park-is-leaving-letna\\\/\",\"name\":\"PRIDE PARK IS LEAVING LETN\u00c1 | Prague Pride Festival\",\"isPartOf\":{\"@id\":\"https:\\\/\\\/festival.praguepride.com\\\/en\\\/#website\"},\"primaryImageOfPage\":{\"@id\":\"https:\\\/\\\/festival.praguepride.com\\\/en\\\/pride-park-is-leaving-letna\\\/#primaryimage\"},\"image\":{\"@id\":\"https:\\\/\\\/festival.praguepride.com\\\/en\\\/pride-park-is-leaving-letna\\\/#primaryimage\"},\"thumbnailUrl\":\"https:\\\/\\\/festival.praguepride.com\\\/app\\\/uploads\\\/2024\\\/08\\\/Mosna-02128.jpg\",\"datePublished\":\"2026-04-07T17:58:47+00:00\",\"dateModified\":\"2026-04-13T17:53:57+00:00\",\"description\":\"D\u011bkujeme n\u00e1v\u0161t\u011bvnictvu Prague Pride Festivalu 2024! Do pr\u016fvodu v\u00e1s p\u0159i\u0161lo p\u0159es 100 000. T\u011b\u0161\u00edme se na v\u00e1s na Prague Pride Festivalu 28. 7. \u2013 3. 8. 2025\",\"breadcrumb\":{\"@id\":\"https:\\\/\\\/festival.praguepride.com\\\/en\\\/pride-park-is-leaving-letna\\\/#breadcrumb\"},\"inLanguage\":\"en-US\",\"potentialAction\":[{\"@type\":\"ReadAction\",\"target\":[\"https:\\\/\\\/festival.praguepride.com\\\/en\\\/pride-park-is-leaving-letna\\\/\"]}]},{\"@type\":\"ImageObject\",\"inLanguage\":\"en-US\",\"@id\":\"https:\\\/\\\/festival.praguepride.com\\\/en\\\/pride-park-is-leaving-letna\\\/#primaryimage\",\"url\":\"https:\\\/\\\/festival.praguepride.com\\\/app\\\/uploads\\\/2024\\\/08\\\/Mosna-02128.jpg\",\"contentUrl\":\"https:\\\/\\\/festival.praguepride.com\\\/app\\\/uploads\\\/2024\\\/08\\\/Mosna-02128.jpg\",\"width\":1920,\"height\":1280},{\"@type\":\"BreadcrumbList\",\"@id\":\"https:\\\/\\\/festival.praguepride.com\\\/en\\\/pride-park-is-leaving-letna\\\/#breadcrumb\",\"itemListElement\":[{\"@type\":\"ListItem\",\"position\":1,\"name\":\"Home\",\"item\":\"https:\\\/\\\/festival.praguepride.com\\\/en\\\/\"},{\"@type\":\"ListItem\",\"position\":2,\"name\":\"PRIDE PARK IS LEAVING LETN\u00c1\"}]},{\"@type\":\"WebSite\",\"@id\":\"https:\\\/\\\/festival.praguepride.com\\\/en\\\/#website\",\"url\":\"https:\\\/\\\/festival.praguepride.com\\\/en\\\/\",\"name\":\"Prague Pride Festival\",\"description\":\"3\\\/8 - 9\\\/8\\\/2026\",\"publisher\":{\"@id\":\"https:\\\/\\\/festival.praguepride.com\\\/en\\\/#organization\"},\"potentialAction\":[{\"@type\":\"SearchAction\",\"target\":{\"@type\":\"EntryPoint\",\"urlTemplate\":\"https:\\\/\\\/festival.praguepride.com\\\/en\\\/?s={search_term_string}\"},\"query-input\":{\"@type\":\"PropertyValueSpecification\",\"valueRequired\":true,\"valueName\":\"search_term_string\"}}],\"inLanguage\":\"en-US\"},{\"@type\":\"Organization\",\"@id\":\"https:\\\/\\\/festival.praguepride.com\\\/en\\\/#organization\",\"name\":\"Prague Pride Festival\",\"url\":\"https:\\\/\\\/festival.praguepride.com\\\/en\\\/\",\"logo\":{\"@type\":\"ImageObject\",\"inLanguage\":\"en-US\",\"@id\":\"https:\\\/\\\/festival.praguepride.com\\\/en\\\/#\\\/schema\\\/logo\\\/image\\\/\",\"url\":\"https:\\\/\\\/festival.praguepride.com\\\/app\\\/uploads\\\/2022\\\/06\\\/favicon.png\",\"contentUrl\":\"https:\\\/\\\/festival.praguepride.com\\\/app\\\/uploads\\\/2022\\\/06\\\/favicon.png\",\"width\":512,\"height\":512,\"caption\":\"Prague Pride Festival\"},\"image\":{\"@id\":\"https:\\\/\\\/festival.praguepride.com\\\/en\\\/#\\\/schema\\\/logo\\\/image\\\/\"},\"sameAs\":[\"https:\\\/\\\/www.facebook.com\\\/PraguePrideCZ\",\"https:\\\/\\\/x.com\\\/praguepride\",\"https:\\\/\\\/www.instagram.com\\\/prague.pride\\\/\",\"https:\\\/\\\/www.linkedin.com\\\/company\\\/prague-pride-o.s.\\\/\"]},{\"@type\":\"Person\",\"@id\":\"https:\\\/\\\/festival.praguepride.com\\\/en\\\/#\\\/schema\\\/person\\\/434ffb4b1a034d02f8e6cbb4b2692ef3\",\"name\":\"G\u00e1bi Kincl\",\"image\":{\"@type\":\"ImageObject\",\"inLanguage\":\"en-US\",\"@id\":\"https:\\\/\\\/secure.gravatar.com\\\/avatar\\\/7cd611ba8897bc3fb0ae9a49d085c777c2c059c8bcdb2e576d954be11f925e01?s=96&d=mm&r=g\",\"url\":\"https:\\\/\\\/secure.gravatar.com\\\/avatar\\\/7cd611ba8897bc3fb0ae9a49d085c777c2c059c8bcdb2e576d954be11f925e01?s=96&d=mm&r=g\",\"contentUrl\":\"https:\\\/\\\/secure.gravatar.com\\\/avatar\\\/7cd611ba8897bc3fb0ae9a49d085c777c2c059c8bcdb2e576d954be11f925e01?s=96&d=mm&r=g\",\"caption\":\"G\u00e1bi Kincl\"}}]}<\/script>\n<!-- \/ Yoast SEO plugin. -->","yoast_head_json":{"title":"Prague Pride Festival","robots":{"index":"index","follow":"follow","max-snippet":"max-snippet:-1","max-image-preview":"max-image-preview:large","max-video-preview":"max-video-preview:-1"},"canonical":"https:\/\/festival.praguepride.com\/en\/pride-park-is-leaving-letna\/","og_locale":"en_US","og_type":"article","og_site_name":"Prague Pride Festival","article_publisher":"https:\/\/www.facebook.com\/PraguePrideCZ","article_published_time":"2026-04-07T17:58:47+00:00","article_modified_time":"2026-04-13T17:53:57+00:00","og_image":[{"width":1920,"height":1280,"url":"https:\/\/festival.praguepride.com\/app\/uploads\/2024\/08\/Mosna-02128.jpg","type":"image\/jpeg"}],"author":"G\u00e1bi Kincl","twitter_card":"summary_large_image","twitter_creator":"@praguepride","twitter_site":"@praguepride","schema":{"@context":"https:\/\/schema.org","@graph":[{"@type":"Article","@id":"https:\/\/festival.praguepride.com\/en\/pride-park-is-leaving-letna\/#article","isPartOf":{"@id":"https:\/\/festival.praguepride.com\/en\/pride-park-is-leaving-letna\/"},"author":{"name":"G\u00e1bi Kincl","@id":"https:\/\/festival.praguepride.com\/en\/#\/schema\/person\/434ffb4b1a034d02f8e6cbb4b2692ef3"},"headline":"PRIDE PARK IS LEAVING LETN\u00c1","datePublished":"2026-04-07T17:58:47+00:00","dateModified":"2026-04-13T17:53:57+00:00","mainEntityOfPage":{"@id":"https:\/\/festival.praguepride.com\/en\/pride-park-is-leaving-letna\/"},"wordCount":250,"publisher":{"@id":"https:\/\/festival.praguepride.com\/en\/#organization"},"image":{"@id":"https:\/\/festival.praguepride.com\/en\/pride-park-is-leaving-letna\/#primaryimage"},"thumbnailUrl":"https:\/\/festival.praguepride.com\/app\/uploads\/2024\/08\/Mosna-02128.jpg","articleSection":["Blog"],"inLanguage":"en-US"},{"@type":"WebPage","@id":"https:\/\/festival.praguepride.com\/en\/pride-park-is-leaving-letna\/","url":"https:\/\/festival.praguepride.com\/en\/pride-park-is-leaving-letna\/","name":"PRIDE PARK IS LEAVING LETN\u00c1 | Prague Pride Festival","isPartOf":{"@id":"https:\/\/festival.praguepride.com\/en\/#website"},"primaryImageOfPage":{"@id":"https:\/\/festival.praguepride.com\/en\/pride-park-is-leaving-letna\/#primaryimage"},"image":{"@id":"https:\/\/festival.praguepride.com\/en\/pride-park-is-leaving-letna\/#primaryimage"},"thumbnailUrl":"https:\/\/festival.praguepride.com\/app\/uploads\/2024\/08\/Mosna-02128.jpg","datePublished":"2026-04-07T17:58:47+00:00","dateModified":"2026-04-13T17:53:57+00:00","description":"D\u011bkujeme n\u00e1v\u0161t\u011bvnictvu Prague Pride Festivalu 2024! Do pr\u016fvodu v\u00e1s p\u0159i\u0161lo p\u0159es 100 000. T\u011b\u0161\u00edme se na v\u00e1s na Prague Pride Festivalu 28. 7. \u2013 3. 8. 2025","breadcrumb":{"@id":"https:\/\/festival.praguepride.com\/en\/pride-park-is-leaving-letna\/#breadcrumb"},"inLanguage":"en-US","potentialAction":[{"@type":"ReadAction","target":["https:\/\/festival.praguepride.com\/en\/pride-park-is-leaving-letna\/"]}]},{"@type":"ImageObject","inLanguage":"en-US","@id":"https:\/\/festival.praguepride.com\/en\/pride-park-is-leaving-letna\/#primaryimage","url":"https:\/\/festival.praguepride.com\/app\/uploads\/2024\/08\/Mosna-02128.jpg","contentUrl":"https:\/\/festival.praguepride.com\/app\/uploads\/2024\/08\/Mosna-02128.jpg","width":1920,"height":1280},{"@type":"BreadcrumbList","@id":"https:\/\/festival.praguepride.com\/en\/pride-park-is-leaving-letna\/#breadcrumb","itemListElement":[{"@type":"ListItem","position":1,"name":"Home","item":"https:\/\/festival.praguepride.com\/en\/"},{"@type":"ListItem","position":2,"name":"PRIDE PARK IS LEAVING LETN\u00c1"}]},{"@type":"WebSite","@id":"https:\/\/festival.praguepride.com\/en\/#website","url":"https:\/\/festival.praguepride.com\/en\/","name":"Prague Pride Festival","description":"3\/8 - 9\/8\/2026","publisher":{"@id":"https:\/\/festival.praguepride.com\/en\/#organization"},"potentialAction":[{"@type":"SearchAction","target":{"@type":"EntryPoint","urlTemplate":"https:\/\/festival.praguepride.com\/en\/?s={search_term_string}"},"query-input":{"@type":"PropertyValueSpecification","valueRequired":true,"valueName":"search_term_string"}}],"inLanguage":"en-US"},{"@type":"Organization","@id":"https:\/\/festival.praguepride.com\/en\/#organization","name":"Prague Pride Festival","url":"https:\/\/festival.praguepride.com\/en\/","logo":{"@type":"ImageObject","inLanguage":"en-US","@id":"https:\/\/festival.praguepride.com\/en\/#\/schema\/logo\/image\/","url":"https:\/\/festival.praguepride.com\/app\/uploads\/2022\/06\/favicon.png","contentUrl":"https:\/\/festival.praguepride.com\/app\/uploads\/2022\/06\/favicon.png","width":512,"height":512,"caption":"Prague Pride Festival"},"image":{"@id":"https:\/\/festival.praguepride.com\/en\/#\/schema\/logo\/image\/"},"sameAs":["https:\/\/www.facebook.com\/PraguePrideCZ","https:\/\/x.com\/praguepride","https:\/\/www.instagram.com\/prague.pride\/","https:\/\/www.linkedin.com\/company\/prague-pride-o.s.\/"]},{"@type":"Person","@id":"https:\/\/festival.praguepride.com\/en\/#\/schema\/person\/434ffb4b1a034d02f8e6cbb4b2692ef3","name":"G\u00e1bi Kincl","image":{"@type":"ImageObject","inLanguage":"en-US","@id":"https:\/\/secure.gravatar.com\/avatar\/7cd611ba8897bc3fb0ae9a49d085c777c2c059c8bcdb2e576d954be11f925e01?s=96&d=mm&r=g","url":"https:\/\/secure.gravatar.com\/avatar\/7cd611ba8897bc3fb0ae9a49d085c777c2c059c8bcdb2e576d954be11f925e01?s=96&d=mm&r=g","contentUrl":"https:\/\/secure.gravatar.com\/avatar\/7cd611ba8897bc3fb0ae9a49d085c777c2c059c8bcdb2e576d954be11f925e01?s=96&d=mm&r=g","caption":"G\u00e1bi Kincl"}}]}},"_links":{"self":[{"href":"https:\/\/festival.praguepride.com\/en\/wp-json\/wp\/v2\/posts\/31602","targetHints":{"allow":["GET"]}}],"collection":[{"href":"https:\/\/festival.praguepride.com\/en\/wp-json\/wp\/v2\/posts"}],"about":[{"href":"https:\/\/festival.praguepride.com\/en\/wp-json\/wp\/v2\/types\/post"}],"author":[{"embeddable":true,"href":"https:\/\/festival.praguepride.com\/en\/wp-json\/wp\/v2\/users\/11"}],"replies":[{"embeddable":true,"href":"https:\/\/festival.praguepride.com\/en\/wp-json\/wp\/v2\/comments?post=31602"}],"version-history":[{"count":3,"href":"https:\/\/festival.praguepride.com\/en\/wp-json\/wp\/v2\/posts\/31602\/revisions"}],"predecessor-version":[{"id":31613,"href":"https:\/\/festival.praguepride.com\/en\/wp-json\/wp\/v2\/posts\/31602\/revisions\/31613"}],"wp:featuredmedia":[{"embeddable":true,"href":"https:\/\/festival.praguepride.com\/en\/wp-json\/wp\/v2\/media\/25098"}],"wp:attachment":[{"href":"https:\/\/festival.praguepride.com\/en\/wp-json\/wp\/v2\/media?parent=31602"}],"wp:term":[{"taxonomy":"category","embeddable":true,"href":"https:\/\/festival.praguepride.com\/en\/wp-json\/wp\/v2\/categories?post=31602"},{"taxonomy":"post_tag","embeddable":true,"href":"https:\/\/festival.praguepride.com\/en\/wp-json\/wp\/v2\/tags?post=31602"}],"curies":[{"name":"wp","href":"https:\/\/api.w.org\/{rel}","templated":true}]}}