{"id":30918,"date":"2025-08-07T12:04:02","date_gmt":"2025-08-07T10:04:02","guid":{"rendered":"https:\/\/festival.praguepride.com\/red-stage-by-vodafone-pride-park\/"},"modified":"2025-08-07T12:47:34","modified_gmt":"2025-08-07T10:47:34","slug":"red-stage-by-vodafone-pride-park","status":"publish","type":"post","link":"https:\/\/festival.praguepride.com\/en\/red-stage-by-vodafone-pride-park\/","title":{"rendered":"Red Stage by Vodafone (Pride Park)"},"content":{"rendered":"<div class=\"block\n  block--core-post-date\n  block--align-none\n      \">\n  <div class=\"wp-block-post-date\"><time datetime=\"2025-08-07T12:04:02+02:00\">7. August 2025<\/time><\/div>\n<\/div>\n\n\n<div class=\"block\n  block--core-post-featured-image\n  block--align-none\n      \">\n  <figure class=\"wp-block-post-featured-image\"><img loading=\"lazy\" decoding=\"async\" width=\"1920\" height=\"1080\" src=\"https:\/\/festival.praguepride.com\/app\/uploads\/2025\/08\/2144_PridePark_KayHalir-1920x1080-c-default.jpg\" class=\"attachment-large_crop size-large_crop wp-post-image\" alt=\"\" style=\"object-fit:cover;\" \/><figcaption class=\"u-fs--200 u-pt--200\"><\/figcaption><\/figure>\n<\/div>\n\n\n<div class=\"block\n  block--core-paragraph\n  block--align-none\n    u-pb--400  \">\n  \n<p>Photo: J\u00e1n Benec<\/p>\n\n<\/div>\n\n\n<div class=\"block\n  block--acf-gallery\n  block--align-none\n    u-pb--400  \">\n  <div class=\"b-gallery js-gallery\">\n      <a\n      href=\"https:\/\/festival.praguepride.com\/app\/uploads\/2025\/08\/1435_Park-Vojtik_JanoBenec_-1-1920x0-c-default.jpg\"\n      data-barba-prevent>\n      <figure class=\"b-gallery__item\">\n        <img decoding=\"async\" srcset=\"https:\/\/festival.praguepride.com\/app\/uploads\/2025\/08\/1435_Park-Vojtik_JanoBenec_-1-220x220-c-default.jpg 220w, https:\/\/festival.praguepride.com\/app\/uploads\/2025\/08\/1435_Park-Vojtik_JanoBenec_-1-440x440-c-default.jpg 440w\" src=\"data:image\/gif;base64,R0lGODlhAQABAIAAAAAAAP\/\/\/yH5BAEAAAAALAAAAAABAAEAAAIBRAA7\"\n          class=\"b-gallery__thumbnail\"\n          loading=\"lazy\"\n          width=\"512\"\n          height=\"512\"\n          alt=\"1435_Park-Vojtik_JanoBenec_ (1)\"\/>\n      <\/figure>\n    <\/a>\n      <a\n      href=\"https:\/\/festival.praguepride.com\/app\/uploads\/2025\/08\/1435_Park-Vojtik_JanoBenec_-3-1920x0-c-default.jpg\"\n      data-barba-prevent>\n      <figure class=\"b-gallery__item\">\n        <img decoding=\"async\" srcset=\"https:\/\/festival.praguepride.com\/app\/uploads\/2025\/08\/1435_Park-Vojtik_JanoBenec_-3-220x220-c-default.jpg 220w, https:\/\/festival.praguepride.com\/app\/uploads\/2025\/08\/1435_Park-Vojtik_JanoBenec_-3-440x440-c-default.jpg 440w\" src=\"data:image\/gif;base64,R0lGODlhAQABAIAAAAAAAP\/\/\/yH5BAEAAAAALAAAAAABAAEAAAIBRAA7\"\n          class=\"b-gallery__thumbnail\"\n          loading=\"lazy\"\n          width=\"512\"\n          height=\"512\"\n          alt=\"1435_Park-Vojtik_JanoBenec_ (3)\"\/>\n      <\/figure>\n    <\/a>\n      <a\n      href=\"https:\/\/festival.praguepride.com\/app\/uploads\/2025\/08\/1435_Park-Vojtik_JanoBenec_-4-1920x0-c-default.jpg\"\n      data-barba-prevent>\n      <figure class=\"b-gallery__item\">\n        <img decoding=\"async\" srcset=\"https:\/\/festival.praguepride.com\/app\/uploads\/2025\/08\/1435_Park-Vojtik_JanoBenec_-4-220x220-c-default.jpg 220w, https:\/\/festival.praguepride.com\/app\/uploads\/2025\/08\/1435_Park-Vojtik_JanoBenec_-4-440x440-c-default.jpg 440w\" src=\"data:image\/gif;base64,R0lGODlhAQABAIAAAAAAAP\/\/\/yH5BAEAAAAALAAAAAABAAEAAAIBRAA7\"\n          class=\"b-gallery__thumbnail\"\n          loading=\"lazy\"\n          width=\"512\"\n          height=\"512\"\n          alt=\"1435_Park-Vojtik_JanoBenec_ (4)\"\/>\n      <\/figure>\n    <\/a>\n      <a\n      href=\"https:\/\/festival.praguepride.com\/app\/uploads\/2025\/08\/1435_Park-Vojtik_JanoBenec_-6-1920x0-c-default.jpg\"\n      data-barba-prevent>\n      <figure class=\"b-gallery__item\">\n        <img decoding=\"async\" srcset=\"https:\/\/festival.praguepride.com\/app\/uploads\/2025\/08\/1435_Park-Vojtik_JanoBenec_-6-220x220-c-default.jpg 220w, https:\/\/festival.praguepride.com\/app\/uploads\/2025\/08\/1435_Park-Vojtik_JanoBenec_-6-440x440-c-default.jpg 440w\" src=\"data:image\/gif;base64,R0lGODlhAQABAIAAAAAAAP\/\/\/yH5BAEAAAAALAAAAAABAAEAAAIBRAA7\"\n          class=\"b-gallery__thumbnail\"\n          loading=\"lazy\"\n          width=\"512\"\n          height=\"512\"\n          alt=\"1435_Park-Vojtik_JanoBenec_ (6)\"\/>\n      <\/figure>\n    <\/a>\n      <a\n      href=\"https:\/\/festival.praguepride.com\/app\/uploads\/2025\/08\/1435_Park-Vojtik_JanoBenec_-8-1920x0-c-default.jpg\"\n      data-barba-prevent>\n      <figure class=\"b-gallery__item\">\n        <img decoding=\"async\" srcset=\"https:\/\/festival.praguepride.com\/app\/uploads\/2025\/08\/1435_Park-Vojtik_JanoBenec_-8-220x220-c-default.jpg 220w, https:\/\/festival.praguepride.com\/app\/uploads\/2025\/08\/1435_Park-Vojtik_JanoBenec_-8-440x440-c-default.jpg 440w\" src=\"data:image\/gif;base64,R0lGODlhAQABAIAAAAAAAP\/\/\/yH5BAEAAAAALAAAAAABAAEAAAIBRAA7\"\n          class=\"b-gallery__thumbnail\"\n          loading=\"lazy\"\n          width=\"512\"\n          height=\"512\"\n          alt=\"1435_Park-Vojtik_JanoBenec_ (8)\"\/>\n      <\/figure>\n    <\/a>\n      <a\n      href=\"https:\/\/festival.praguepride.com\/app\/uploads\/2025\/08\/2004_Park-MissPetty_JanoBenec_-3-1920x0-c-default.jpg\"\n      data-barba-prevent>\n      <figure class=\"b-gallery__item\">\n        <img decoding=\"async\" srcset=\"https:\/\/festival.praguepride.com\/app\/uploads\/2025\/08\/2004_Park-MissPetty_JanoBenec_-3-220x220-c-default.jpg 220w, https:\/\/festival.praguepride.com\/app\/uploads\/2025\/08\/2004_Park-MissPetty_JanoBenec_-3-440x440-c-default.jpg 440w\" src=\"data:image\/gif;base64,R0lGODlhAQABAIAAAAAAAP\/\/\/yH5BAEAAAAALAAAAAABAAEAAAIBRAA7\"\n          class=\"b-gallery__thumbnail\"\n          loading=\"lazy\"\n          width=\"512\"\n          height=\"512\"\n          alt=\"2004_Park-MissPetty_JanoBenec_ (3)\"\/>\n      <\/figure>\n    <\/a>\n      <a\n      href=\"https:\/\/festival.praguepride.com\/app\/uploads\/2025\/08\/1435_Park-Vojtik_JanoBenec_-10-1920x0-c-default.jpg\"\n      data-barba-prevent>\n      <figure class=\"b-gallery__item\">\n        <img decoding=\"async\" srcset=\"https:\/\/festival.praguepride.com\/app\/uploads\/2025\/08\/1435_Park-Vojtik_JanoBenec_-10-220x220-c-default.jpg 220w, https:\/\/festival.praguepride.com\/app\/uploads\/2025\/08\/1435_Park-Vojtik_JanoBenec_-10-440x440-c-default.jpg 440w\" src=\"data:image\/gif;base64,R0lGODlhAQABAIAAAAAAAP\/\/\/yH5BAEAAAAALAAAAAABAAEAAAIBRAA7\"\n          class=\"b-gallery__thumbnail\"\n          loading=\"lazy\"\n          width=\"512\"\n          height=\"512\"\n          alt=\"1435_Park-Vojtik_JanoBenec_ (10)\"\/>\n      <\/figure>\n    <\/a>\n      <a\n      href=\"https:\/\/festival.praguepride.com\/app\/uploads\/2025\/08\/2004_Park-MissPetty_JanoBenec_-5-1920x0-c-default.jpg\"\n      data-barba-prevent>\n      <figure class=\"b-gallery__item\">\n        <img decoding=\"async\" srcset=\"https:\/\/festival.praguepride.com\/app\/uploads\/2025\/08\/2004_Park-MissPetty_JanoBenec_-5-220x220-c-default.jpg 220w, https:\/\/festival.praguepride.com\/app\/uploads\/2025\/08\/2004_Park-MissPetty_JanoBenec_-5-440x440-c-default.jpg 440w\" src=\"data:image\/gif;base64,R0lGODlhAQABAIAAAAAAAP\/\/\/yH5BAEAAAAALAAAAAABAAEAAAIBRAA7\"\n          class=\"b-gallery__thumbnail\"\n          loading=\"lazy\"\n          width=\"512\"\n          height=\"512\"\n          alt=\"2004_Park-MissPetty_JanoBenec_ (5)\"\/>\n      <\/figure>\n    <\/a>\n      <a\n      href=\"https:\/\/festival.praguepride.com\/app\/uploads\/2025\/08\/2004_Park-MissPetty_JanoBenec_-8-1920x0-c-default.jpg\"\n      data-barba-prevent>\n      <figure class=\"b-gallery__item\">\n        <img decoding=\"async\" srcset=\"https:\/\/festival.praguepride.com\/app\/uploads\/2025\/08\/2004_Park-MissPetty_JanoBenec_-8-220x220-c-default.jpg 220w, https:\/\/festival.praguepride.com\/app\/uploads\/2025\/08\/2004_Park-MissPetty_JanoBenec_-8-440x440-c-default.jpg 440w\" src=\"data:image\/gif;base64,R0lGODlhAQABAIAAAAAAAP\/\/\/yH5BAEAAAAALAAAAAABAAEAAAIBRAA7\"\n          class=\"b-gallery__thumbnail\"\n          loading=\"lazy\"\n          width=\"512\"\n          height=\"512\"\n          alt=\"2004_Park-MissPetty_JanoBenec_ (8)\"\/>\n      <\/figure>\n    <\/a>\n      <a\n      href=\"https:\/\/festival.praguepride.com\/app\/uploads\/2025\/08\/2004_Park-MissPetty_JanoBenec_-11-1920x0-c-default.jpg\"\n      data-barba-prevent>\n      <figure class=\"b-gallery__item\">\n        <img decoding=\"async\" srcset=\"https:\/\/festival.praguepride.com\/app\/uploads\/2025\/08\/2004_Park-MissPetty_JanoBenec_-11-220x220-c-default.jpg 220w, https:\/\/festival.praguepride.com\/app\/uploads\/2025\/08\/2004_Park-MissPetty_JanoBenec_-11-440x440-c-default.jpg 440w\" src=\"data:image\/gif;base64,R0lGODlhAQABAIAAAAAAAP\/\/\/yH5BAEAAAAALAAAAAABAAEAAAIBRAA7\"\n          class=\"b-gallery__thumbnail\"\n          loading=\"lazy\"\n          width=\"512\"\n          height=\"512\"\n          alt=\"2004_Park-MissPetty_JanoBenec_ (11)\"\/>\n      <\/figure>\n    <\/a>\n      <a\n      href=\"https:\/\/festival.praguepride.com\/app\/uploads\/2025\/08\/2004_Park-MissPetty_JanoBenec_-12-1920x0-c-default.jpg\"\n      data-barba-prevent>\n      <figure class=\"b-gallery__item\">\n        <img decoding=\"async\" srcset=\"https:\/\/festival.praguepride.com\/app\/uploads\/2025\/08\/2004_Park-MissPetty_JanoBenec_-12-220x220-c-default.jpg 220w, https:\/\/festival.praguepride.com\/app\/uploads\/2025\/08\/2004_Park-MissPetty_JanoBenec_-12-440x440-c-default.jpg 440w\" src=\"data:image\/gif;base64,R0lGODlhAQABAIAAAAAAAP\/\/\/yH5BAEAAAAALAAAAAABAAEAAAIBRAA7\"\n          class=\"b-gallery__thumbnail\"\n          loading=\"lazy\"\n          width=\"512\"\n          height=\"512\"\n          alt=\"2004_Park-MissPetty_JanoBenec_ (12)\"\/>\n      <\/figure>\n    <\/a>\n      <a\n      href=\"https:\/\/festival.praguepride.com\/app\/uploads\/2025\/08\/2004_Park-MissPetty_JanoBenec_-14-1920x0-c-default.jpg\"\n      data-barba-prevent>\n      <figure class=\"b-gallery__item\">\n        <img decoding=\"async\" srcset=\"https:\/\/festival.praguepride.com\/app\/uploads\/2025\/08\/2004_Park-MissPetty_JanoBenec_-14-220x220-c-default.jpg 220w, https:\/\/festival.praguepride.com\/app\/uploads\/2025\/08\/2004_Park-MissPetty_JanoBenec_-14-440x440-c-default.jpg 440w\" src=\"data:image\/gif;base64,R0lGODlhAQABAIAAAAAAAP\/\/\/yH5BAEAAAAALAAAAAABAAEAAAIBRAA7\"\n          class=\"b-gallery__thumbnail\"\n          loading=\"lazy\"\n          width=\"512\"\n          height=\"512\"\n          alt=\"2004_Park-MissPetty_JanoBenec_ (14)\"\/>\n      <\/figure>\n    <\/a>\n      <a\n      href=\"https:\/\/festival.praguepride.com\/app\/uploads\/2025\/08\/2004_Park-MissPetty_JanoBenec_-16-1920x0-c-default.jpg\"\n      data-barba-prevent>\n      <figure class=\"b-gallery__item\">\n        <img decoding=\"async\" srcset=\"https:\/\/festival.praguepride.com\/app\/uploads\/2025\/08\/2004_Park-MissPetty_JanoBenec_-16-220x220-c-default.jpg 220w, https:\/\/festival.praguepride.com\/app\/uploads\/2025\/08\/2004_Park-MissPetty_JanoBenec_-16-440x440-c-default.jpg 440w\" src=\"data:image\/gif;base64,R0lGODlhAQABAIAAAAAAAP\/\/\/yH5BAEAAAAALAAAAAABAAEAAAIBRAA7\"\n          class=\"b-gallery__thumbnail\"\n          loading=\"lazy\"\n          width=\"512\"\n          height=\"512\"\n          alt=\"2004_Park-MissPetty_JanoBenec_ (16)\"\/>\n      <\/figure>\n    <\/a>\n      <a\n      href=\"https:\/\/festival.praguepride.com\/app\/uploads\/2025\/08\/2004_Park-MissPetty_JanoBenec_-18-1920x0-c-default.jpg\"\n      data-barba-prevent>\n      <figure class=\"b-gallery__item\">\n        <img decoding=\"async\" srcset=\"https:\/\/festival.praguepride.com\/app\/uploads\/2025\/08\/2004_Park-MissPetty_JanoBenec_-18-220x220-c-default.jpg 220w, https:\/\/festival.praguepride.com\/app\/uploads\/2025\/08\/2004_Park-MissPetty_JanoBenec_-18-440x440-c-default.jpg 440w\" src=\"data:image\/gif;base64,R0lGODlhAQABAIAAAAAAAP\/\/\/yH5BAEAAAAALAAAAAABAAEAAAIBRAA7\"\n          class=\"b-gallery__thumbnail\"\n          loading=\"lazy\"\n          width=\"512\"\n          height=\"512\"\n          alt=\"2004_Park-MissPetty_JanoBenec_ (18)\"\/>\n      <\/figure>\n    <\/a>\n      <a\n      href=\"https:\/\/festival.praguepride.com\/app\/uploads\/2025\/08\/2004_Park-MissPetty_JanoBenec_-20-1920x0-c-default.jpg\"\n      data-barba-prevent>\n      <figure class=\"b-gallery__item\">\n        <img decoding=\"async\" srcset=\"https:\/\/festival.praguepride.com\/app\/uploads\/2025\/08\/2004_Park-MissPetty_JanoBenec_-20-220x220-c-default.jpg 220w, https:\/\/festival.praguepride.com\/app\/uploads\/2025\/08\/2004_Park-MissPetty_JanoBenec_-20-440x440-c-default.jpg 440w\" src=\"data:image\/gif;base64,R0lGODlhAQABAIAAAAAAAP\/\/\/yH5BAEAAAAALAAAAAABAAEAAAIBRAA7\"\n          class=\"b-gallery__thumbnail\"\n          loading=\"lazy\"\n          width=\"512\"\n          height=\"512\"\n          alt=\"2004_Park-MissPetty_JanoBenec_ (20)\"\/>\n      <\/figure>\n    <\/a>\n      <a\n      href=\"https:\/\/festival.praguepride.com\/app\/uploads\/2025\/08\/2004_Park-MissPetty_JanoBenec_-24-1920x0-c-default.jpg\"\n      data-barba-prevent>\n      <figure class=\"b-gallery__item\">\n        <img decoding=\"async\" srcset=\"https:\/\/festival.praguepride.com\/app\/uploads\/2025\/08\/2004_Park-MissPetty_JanoBenec_-24-220x220-c-default.jpg 220w, https:\/\/festival.praguepride.com\/app\/uploads\/2025\/08\/2004_Park-MissPetty_JanoBenec_-24-440x440-c-default.jpg 440w\" src=\"data:image\/gif;base64,R0lGODlhAQABAIAAAAAAAP\/\/\/yH5BAEAAAAALAAAAAABAAEAAAIBRAA7\"\n          class=\"b-gallery__thumbnail\"\n          loading=\"lazy\"\n          width=\"512\"\n          height=\"512\"\n          alt=\"2004_Park-MissPetty_JanoBenec_ (24)\"\/>\n      <\/figure>\n    <\/a>\n      <a\n      href=\"https:\/\/festival.praguepride.com\/app\/uploads\/2025\/08\/2004_Park-MissPetty_JanoBenec_-25-1920x0-c-default.jpg\"\n      data-barba-prevent>\n      <figure class=\"b-gallery__item\">\n        <img decoding=\"async\" srcset=\"https:\/\/festival.praguepride.com\/app\/uploads\/2025\/08\/2004_Park-MissPetty_JanoBenec_-25-220x220-c-default.jpg 220w, https:\/\/festival.praguepride.com\/app\/uploads\/2025\/08\/2004_Park-MissPetty_JanoBenec_-25-440x440-c-default.jpg 440w\" src=\"data:image\/gif;base64,R0lGODlhAQABAIAAAAAAAP\/\/\/yH5BAEAAAAALAAAAAABAAEAAAIBRAA7\"\n          class=\"b-gallery__thumbnail\"\n          loading=\"lazy\"\n          width=\"512\"\n          height=\"512\"\n          alt=\"2004_Park-MissPetty_JanoBenec_ (25)\"\/>\n      <\/figure>\n    <\/a>\n      <a\n      href=\"https:\/\/festival.praguepride.com\/app\/uploads\/2025\/08\/2004_Park-MissPetty_JanoBenec_-29-1920x0-c-default.jpg\"\n      data-barba-prevent>\n      <figure class=\"b-gallery__item\">\n        <img decoding=\"async\" srcset=\"https:\/\/festival.praguepride.com\/app\/uploads\/2025\/08\/2004_Park-MissPetty_JanoBenec_-29-220x220-c-default.jpg 220w, https:\/\/festival.praguepride.com\/app\/uploads\/2025\/08\/2004_Park-MissPetty_JanoBenec_-29-440x440-c-default.jpg 440w\" src=\"data:image\/gif;base64,R0lGODlhAQABAIAAAAAAAP\/\/\/yH5BAEAAAAALAAAAAABAAEAAAIBRAA7\"\n          class=\"b-gallery__thumbnail\"\n          loading=\"lazy\"\n          width=\"512\"\n          height=\"512\"\n          alt=\"2004_Park-MissPetty_JanoBenec_ (29)\"\/>\n      <\/figure>\n    <\/a>\n      <a\n      href=\"https:\/\/festival.praguepride.com\/app\/uploads\/2025\/08\/2004_Park-MissPetty_JanoBenec_-32-1920x0-c-default.jpg\"\n      data-barba-prevent>\n      <figure class=\"b-gallery__item\">\n        <img decoding=\"async\" srcset=\"https:\/\/festival.praguepride.com\/app\/uploads\/2025\/08\/2004_Park-MissPetty_JanoBenec_-32-220x220-c-default.jpg 220w, https:\/\/festival.praguepride.com\/app\/uploads\/2025\/08\/2004_Park-MissPetty_JanoBenec_-32-440x440-c-default.jpg 440w\" src=\"data:image\/gif;base64,R0lGODlhAQABAIAAAAAAAP\/\/\/yH5BAEAAAAALAAAAAABAAEAAAIBRAA7\"\n          class=\"b-gallery__thumbnail\"\n          loading=\"lazy\"\n          width=\"512\"\n          height=\"512\"\n          alt=\"2004_Park-MissPetty_JanoBenec_ (32)\"\/>\n      <\/figure>\n    <\/a>\n      <a\n      href=\"https:\/\/festival.praguepride.com\/app\/uploads\/2025\/08\/2004_Park-MissPetty_JanoBenec_-35-1920x0-c-default.jpg\"\n      data-barba-prevent>\n      <figure class=\"b-gallery__item\">\n        <img decoding=\"async\" srcset=\"https:\/\/festival.praguepride.com\/app\/uploads\/2025\/08\/2004_Park-MissPetty_JanoBenec_-35-220x220-c-default.jpg 220w, https:\/\/festival.praguepride.com\/app\/uploads\/2025\/08\/2004_Park-MissPetty_JanoBenec_-35-440x440-c-default.jpg 440w\" src=\"data:image\/gif;base64,R0lGODlhAQABAIAAAAAAAP\/\/\/yH5BAEAAAAALAAAAAABAAEAAAIBRAA7\"\n          class=\"b-gallery__thumbnail\"\n          loading=\"lazy\"\n          width=\"512\"\n          height=\"512\"\n          alt=\"2004_Park-MissPetty_JanoBenec_ (35)\"\/>\n      <\/figure>\n    <\/a>\n      <a\n      href=\"https:\/\/festival.praguepride.com\/app\/uploads\/2025\/08\/2025_Park-MissPetty_JanoBenec_x-2-1920x0-c-default.jpg\"\n      data-barba-prevent>\n      <figure class=\"b-gallery__item\">\n        <img decoding=\"async\" srcset=\"https:\/\/festival.praguepride.com\/app\/uploads\/2025\/08\/2025_Park-MissPetty_JanoBenec_x-2-220x220-c-default.jpg 220w, https:\/\/festival.praguepride.com\/app\/uploads\/2025\/08\/2025_Park-MissPetty_JanoBenec_x-2-440x440-c-default.jpg 440w\" src=\"data:image\/gif;base64,R0lGODlhAQABAIAAAAAAAP\/\/\/yH5BAEAAAAALAAAAAABAAEAAAIBRAA7\"\n          class=\"b-gallery__thumbnail\"\n          loading=\"lazy\"\n          width=\"512\"\n          height=\"512\"\n          alt=\"2025_Park-MissPetty_JanoBenec_x (2)\"\/>\n      <\/figure>\n    <\/a>\n      <a\n      href=\"https:\/\/festival.praguepride.com\/app\/uploads\/2025\/08\/2025_Park-MissPetty_JanoBenec_x-6-1920x0-c-default.jpg\"\n      data-barba-prevent>\n      <figure class=\"b-gallery__item\">\n        <img decoding=\"async\" srcset=\"https:\/\/festival.praguepride.com\/app\/uploads\/2025\/08\/2025_Park-MissPetty_JanoBenec_x-6-220x220-c-default.jpg 220w, https:\/\/festival.praguepride.com\/app\/uploads\/2025\/08\/2025_Park-MissPetty_JanoBenec_x-6-440x440-c-default.jpg 440w\" src=\"data:image\/gif;base64,R0lGODlhAQABAIAAAAAAAP\/\/\/yH5BAEAAAAALAAAAAABAAEAAAIBRAA7\"\n          class=\"b-gallery__thumbnail\"\n          loading=\"lazy\"\n          width=\"512\"\n          height=\"512\"\n          alt=\"2025_Park-MissPetty_JanoBenec_x (6)\"\/>\n      <\/figure>\n    <\/a>\n      <a\n      href=\"https:\/\/festival.praguepride.com\/app\/uploads\/2025\/08\/2025_Park-MissPetty_JanoBenec_x-10-1920x0-c-default.jpg\"\n      data-barba-prevent>\n      <figure class=\"b-gallery__item\">\n        <img decoding=\"async\" srcset=\"https:\/\/festival.praguepride.com\/app\/uploads\/2025\/08\/2025_Park-MissPetty_JanoBenec_x-10-220x220-c-default.jpg 220w, https:\/\/festival.praguepride.com\/app\/uploads\/2025\/08\/2025_Park-MissPetty_JanoBenec_x-10-440x440-c-default.jpg 440w\" src=\"data:image\/gif;base64,R0lGODlhAQABAIAAAAAAAP\/\/\/yH5BAEAAAAALAAAAAABAAEAAAIBRAA7\"\n          class=\"b-gallery__thumbnail\"\n          loading=\"lazy\"\n          width=\"512\"\n          height=\"512\"\n          alt=\"2025_Park-MissPetty_JanoBenec_x (10)\"\/>\n      <\/figure>\n    <\/a>\n      <a\n      href=\"https:\/\/festival.praguepride.com\/app\/uploads\/2025\/08\/2025_Park-MissPetty_JanoBenec_x-14-1920x0-c-default.jpg\"\n      data-barba-prevent>\n      <figure class=\"b-gallery__item\">\n        <img decoding=\"async\" srcset=\"https:\/\/festival.praguepride.com\/app\/uploads\/2025\/08\/2025_Park-MissPetty_JanoBenec_x-14-220x220-c-default.jpg 220w, https:\/\/festival.praguepride.com\/app\/uploads\/2025\/08\/2025_Park-MissPetty_JanoBenec_x-14-440x440-c-default.jpg 440w\" src=\"data:image\/gif;base64,R0lGODlhAQABAIAAAAAAAP\/\/\/yH5BAEAAAAALAAAAAABAAEAAAIBRAA7\"\n          class=\"b-gallery__thumbnail\"\n          loading=\"lazy\"\n          width=\"512\"\n          height=\"512\"\n          alt=\"2025_Park-MissPetty_JanoBenec_x (14)\"\/>\n      <\/figure>\n    <\/a>\n      <a\n      href=\"https:\/\/festival.praguepride.com\/app\/uploads\/2025\/08\/2025_Park-MissPetty_JanoBenec_x-16-1920x0-c-default.jpg\"\n      data-barba-prevent>\n      <figure class=\"b-gallery__item\">\n        <img decoding=\"async\" srcset=\"https:\/\/festival.praguepride.com\/app\/uploads\/2025\/08\/2025_Park-MissPetty_JanoBenec_x-16-220x220-c-default.jpg 220w, https:\/\/festival.praguepride.com\/app\/uploads\/2025\/08\/2025_Park-MissPetty_JanoBenec_x-16-440x440-c-default.jpg 440w\" src=\"data:image\/gif;base64,R0lGODlhAQABAIAAAAAAAP\/\/\/yH5BAEAAAAALAAAAAABAAEAAAIBRAA7\"\n          class=\"b-gallery__thumbnail\"\n          loading=\"lazy\"\n          width=\"512\"\n          height=\"512\"\n          alt=\"2025_Park-MissPetty_JanoBenec_x (16)\"\/>\n      <\/figure>\n    <\/a>\n      <a\n      href=\"https:\/\/festival.praguepride.com\/app\/uploads\/2025\/08\/2025_Park-MissPetty_JanoBenec_x-24-1920x0-c-default.jpg\"\n      data-barba-prevent>\n      <figure class=\"b-gallery__item\">\n        <img decoding=\"async\" srcset=\"https:\/\/festival.praguepride.com\/app\/uploads\/2025\/08\/2025_Park-MissPetty_JanoBenec_x-24-220x220-c-default.jpg 220w, https:\/\/festival.praguepride.com\/app\/uploads\/2025\/08\/2025_Park-MissPetty_JanoBenec_x-24-440x440-c-default.jpg 440w\" src=\"data:image\/gif;base64,R0lGODlhAQABAIAAAAAAAP\/\/\/yH5BAEAAAAALAAAAAABAAEAAAIBRAA7\"\n          class=\"b-gallery__thumbnail\"\n          loading=\"lazy\"\n          width=\"512\"\n          height=\"512\"\n          alt=\"2025_Park-MissPetty_JanoBenec_x (24)\"\/>\n      <\/figure>\n    <\/a>\n      <a\n      href=\"https:\/\/festival.praguepride.com\/app\/uploads\/2025\/08\/Aneta-Langerova_Red-stage_Ivancenkova_27-1920x0-c-default.jpg\"\n      data-barba-prevent>\n      <figure class=\"b-gallery__item\">\n        <img decoding=\"async\" srcset=\"https:\/\/festival.praguepride.com\/app\/uploads\/2025\/08\/Aneta-Langerova_Red-stage_Ivancenkova_27-220x220-c-default.jpg 220w, https:\/\/festival.praguepride.com\/app\/uploads\/2025\/08\/Aneta-Langerova_Red-stage_Ivancenkova_27-440x440-c-default.jpg 440w\" src=\"data:image\/gif;base64,R0lGODlhAQABAIAAAAAAAP\/\/\/yH5BAEAAAAALAAAAAABAAEAAAIBRAA7\"\n          class=\"b-gallery__thumbnail\"\n          loading=\"lazy\"\n          width=\"512\"\n          height=\"512\"\n          alt=\"Aneta Langerova\u0301_Red stage_Ivanc\u030cenkova\u0301_27\"\/>\n      <\/figure>\n    <\/a>\n      <a\n      href=\"https:\/\/festival.praguepride.com\/app\/uploads\/2025\/08\/Aneta-Langerova_Red-stage_Ivancenkova_23-1920x0-c-default.jpg\"\n      data-barba-prevent>\n      <figure class=\"b-gallery__item\">\n        <img decoding=\"async\" srcset=\"https:\/\/festival.praguepride.com\/app\/uploads\/2025\/08\/Aneta-Langerova_Red-stage_Ivancenkova_23-220x220-c-default.jpg 220w, https:\/\/festival.praguepride.com\/app\/uploads\/2025\/08\/Aneta-Langerova_Red-stage_Ivancenkova_23-440x440-c-default.jpg 440w\" src=\"data:image\/gif;base64,R0lGODlhAQABAIAAAAAAAP\/\/\/yH5BAEAAAAALAAAAAABAAEAAAIBRAA7\"\n          class=\"b-gallery__thumbnail\"\n          loading=\"lazy\"\n          width=\"512\"\n          height=\"512\"\n          alt=\"Aneta Langerova\u0301_Red stage_Ivanc\u030cenkova\u0301_23\"\/>\n      <\/figure>\n    <\/a>\n      <a\n      href=\"https:\/\/festival.praguepride.com\/app\/uploads\/2025\/08\/Aneta-Langerova_Red-stage_Ivancenkova_20-1920x0-c-default.jpg\"\n      data-barba-prevent>\n      <figure class=\"b-gallery__item\">\n        <img decoding=\"async\" srcset=\"https:\/\/festival.praguepride.com\/app\/uploads\/2025\/08\/Aneta-Langerova_Red-stage_Ivancenkova_20-220x220-c-default.jpg 220w, https:\/\/festival.praguepride.com\/app\/uploads\/2025\/08\/Aneta-Langerova_Red-stage_Ivancenkova_20-440x440-c-default.jpg 440w\" src=\"data:image\/gif;base64,R0lGODlhAQABAIAAAAAAAP\/\/\/yH5BAEAAAAALAAAAAABAAEAAAIBRAA7\"\n          class=\"b-gallery__thumbnail\"\n          loading=\"lazy\"\n          width=\"512\"\n          height=\"512\"\n          alt=\"Aneta Langerova\u0301_Red stage_Ivanc\u030cenkova\u0301_20\"\/>\n      <\/figure>\n    <\/a>\n      <a\n      href=\"https:\/\/festival.praguepride.com\/app\/uploads\/2025\/08\/Aneta-Langerova_Red-stage_Ivancenkova_18-1920x0-c-default.jpg\"\n      data-barba-prevent>\n      <figure class=\"b-gallery__item\">\n        <img decoding=\"async\" srcset=\"https:\/\/festival.praguepride.com\/app\/uploads\/2025\/08\/Aneta-Langerova_Red-stage_Ivancenkova_18-220x220-c-default.jpg 220w, https:\/\/festival.praguepride.com\/app\/uploads\/2025\/08\/Aneta-Langerova_Red-stage_Ivancenkova_18-440x440-c-default.jpg 440w\" src=\"data:image\/gif;base64,R0lGODlhAQABAIAAAAAAAP\/\/\/yH5BAEAAAAALAAAAAABAAEAAAIBRAA7\"\n          class=\"b-gallery__thumbnail\"\n          loading=\"lazy\"\n          width=\"512\"\n          height=\"512\"\n          alt=\"Aneta Langerova\u0301_Red stage_Ivanc\u030cenkova\u0301_18\"\/>\n      <\/figure>\n    <\/a>\n      <a\n      href=\"https:\/\/festival.praguepride.com\/app\/uploads\/2025\/08\/Aneta-Langerova_Red-stage_Ivancenkova_17-1920x0-c-default.jpg\"\n      data-barba-prevent>\n      <figure class=\"b-gallery__item\">\n        <img decoding=\"async\" srcset=\"https:\/\/festival.praguepride.com\/app\/uploads\/2025\/08\/Aneta-Langerova_Red-stage_Ivancenkova_17-220x220-c-default.jpg 220w, https:\/\/festival.praguepride.com\/app\/uploads\/2025\/08\/Aneta-Langerova_Red-stage_Ivancenkova_17-440x440-c-default.jpg 440w\" src=\"data:image\/gif;base64,R0lGODlhAQABAIAAAAAAAP\/\/\/yH5BAEAAAAALAAAAAABAAEAAAIBRAA7\"\n          class=\"b-gallery__thumbnail\"\n          loading=\"lazy\"\n          width=\"512\"\n          height=\"512\"\n          alt=\"Aneta Langerova\u0301_Red stage_Ivanc\u030cenkova\u0301_17\"\/>\n      <\/figure>\n    <\/a>\n      <a\n      href=\"https:\/\/festival.praguepride.com\/app\/uploads\/2025\/08\/Aneta-Langerova_Red-stage_Ivancenkova_14-1920x0-c-default.jpg\"\n      data-barba-prevent>\n      <figure class=\"b-gallery__item\">\n        <img decoding=\"async\" srcset=\"https:\/\/festival.praguepride.com\/app\/uploads\/2025\/08\/Aneta-Langerova_Red-stage_Ivancenkova_14-220x220-c-default.jpg 220w, https:\/\/festival.praguepride.com\/app\/uploads\/2025\/08\/Aneta-Langerova_Red-stage_Ivancenkova_14-440x440-c-default.jpg 440w\" src=\"data:image\/gif;base64,R0lGODlhAQABAIAAAAAAAP\/\/\/yH5BAEAAAAALAAAAAABAAEAAAIBRAA7\"\n          class=\"b-gallery__thumbnail\"\n          loading=\"lazy\"\n          width=\"512\"\n          height=\"512\"\n          alt=\"Aneta Langerova\u0301_Red stage_Ivanc\u030cenkova\u0301_14\"\/>\n      <\/figure>\n    <\/a>\n      <a\n      href=\"https:\/\/festival.praguepride.com\/app\/uploads\/2025\/08\/Aneta-Langerova_Red-stage_Ivancenkova_12-1920x0-c-default.jpg\"\n      data-barba-prevent>\n      <figure class=\"b-gallery__item\">\n        <img decoding=\"async\" srcset=\"https:\/\/festival.praguepride.com\/app\/uploads\/2025\/08\/Aneta-Langerova_Red-stage_Ivancenkova_12-220x220-c-default.jpg 220w, https:\/\/festival.praguepride.com\/app\/uploads\/2025\/08\/Aneta-Langerova_Red-stage_Ivancenkova_12-440x440-c-default.jpg 440w\" src=\"data:image\/gif;base64,R0lGODlhAQABAIAAAAAAAP\/\/\/yH5BAEAAAAALAAAAAABAAEAAAIBRAA7\"\n          class=\"b-gallery__thumbnail\"\n          loading=\"lazy\"\n          width=\"512\"\n          height=\"512\"\n          alt=\"Aneta Langerova\u0301_Red stage_Ivanc\u030cenkova\u0301_12\"\/>\n      <\/figure>\n    <\/a>\n      <a\n      href=\"https:\/\/festival.praguepride.com\/app\/uploads\/2025\/08\/Aneta-Langerova_Red-stage_Ivancenkova_2-1920x0-c-default.jpg\"\n      data-barba-prevent>\n      <figure class=\"b-gallery__item\">\n        <img decoding=\"async\" srcset=\"https:\/\/festival.praguepride.com\/app\/uploads\/2025\/08\/Aneta-Langerova_Red-stage_Ivancenkova_2-220x220-c-default.jpg 220w, https:\/\/festival.praguepride.com\/app\/uploads\/2025\/08\/Aneta-Langerova_Red-stage_Ivancenkova_2-440x440-c-default.jpg 440w\" src=\"data:image\/gif;base64,R0lGODlhAQABAIAAAAAAAP\/\/\/yH5BAEAAAAALAAAAAABAAEAAAIBRAA7\"\n          class=\"b-gallery__thumbnail\"\n          loading=\"lazy\"\n          width=\"512\"\n          height=\"512\"\n          alt=\"Aneta Langerova\u0301_Red stage_Ivanc\u030cenkova\u0301_2\"\/>\n      <\/figure>\n    <\/a>\n      <a\n      href=\"https:\/\/festival.praguepride.com\/app\/uploads\/2025\/08\/Aneta-Langerova_Red-stage_Ivancenkova_4-1920x0-c-default.jpg\"\n      data-barba-prevent>\n      <figure class=\"b-gallery__item\">\n        <img decoding=\"async\" srcset=\"https:\/\/festival.praguepride.com\/app\/uploads\/2025\/08\/Aneta-Langerova_Red-stage_Ivancenkova_4-220x220-c-default.jpg 220w, https:\/\/festival.praguepride.com\/app\/uploads\/2025\/08\/Aneta-Langerova_Red-stage_Ivancenkova_4-440x440-c-default.jpg 440w\" src=\"data:image\/gif;base64,R0lGODlhAQABAIAAAAAAAP\/\/\/yH5BAEAAAAALAAAAAABAAEAAAIBRAA7\"\n          class=\"b-gallery__thumbnail\"\n          loading=\"lazy\"\n          width=\"512\"\n          height=\"512\"\n          alt=\"Aneta Langerova\u0301_Red stage_Ivanc\u030cenkova\u0301_4\"\/>\n      <\/figure>\n    <\/a>\n      <a\n      href=\"https:\/\/festival.praguepride.com\/app\/uploads\/2025\/08\/Aneta-Langerova_Red-stage_Ivancenkova_5-1920x0-c-default.jpg\"\n      data-barba-prevent>\n      <figure class=\"b-gallery__item\">\n        <img decoding=\"async\" srcset=\"https:\/\/festival.praguepride.com\/app\/uploads\/2025\/08\/Aneta-Langerova_Red-stage_Ivancenkova_5-220x220-c-default.jpg 220w, https:\/\/festival.praguepride.com\/app\/uploads\/2025\/08\/Aneta-Langerova_Red-stage_Ivancenkova_5-440x440-c-default.jpg 440w\" src=\"data:image\/gif;base64,R0lGODlhAQABAIAAAAAAAP\/\/\/yH5BAEAAAAALAAAAAABAAEAAAIBRAA7\"\n          class=\"b-gallery__thumbnail\"\n          loading=\"lazy\"\n          width=\"512\"\n          height=\"512\"\n          alt=\"Aneta Langerova\u0301_Red stage_Ivanc\u030cenkova\u0301_5\"\/>\n      <\/figure>\n    <\/a>\n      <a\n      href=\"https:\/\/festival.praguepride.com\/app\/uploads\/2025\/08\/Aneta-Langerova_Red-stage_Ivancenkova_6-1920x0-c-default.jpg\"\n      data-barba-prevent>\n      <figure class=\"b-gallery__item\">\n        <img decoding=\"async\" srcset=\"https:\/\/festival.praguepride.com\/app\/uploads\/2025\/08\/Aneta-Langerova_Red-stage_Ivancenkova_6-220x220-c-default.jpg 220w, https:\/\/festival.praguepride.com\/app\/uploads\/2025\/08\/Aneta-Langerova_Red-stage_Ivancenkova_6-440x440-c-default.jpg 440w\" src=\"data:image\/gif;base64,R0lGODlhAQABAIAAAAAAAP\/\/\/yH5BAEAAAAALAAAAAABAAEAAAIBRAA7\"\n          class=\"b-gallery__thumbnail\"\n          loading=\"lazy\"\n          width=\"512\"\n          height=\"512\"\n          alt=\"Aneta Langerova\u0301_Red stage_Ivanc\u030cenkova\u0301_6\"\/>\n      <\/figure>\n    <\/a>\n      <a\n      href=\"https:\/\/festival.praguepride.com\/app\/uploads\/2025\/08\/Aneta-Langerova_Red-stage_Ivancenkova_9-1920x0-c-default.jpg\"\n      data-barba-prevent>\n      <figure class=\"b-gallery__item\">\n        <img decoding=\"async\" srcset=\"https:\/\/festival.praguepride.com\/app\/uploads\/2025\/08\/Aneta-Langerova_Red-stage_Ivancenkova_9-220x220-c-default.jpg 220w, https:\/\/festival.praguepride.com\/app\/uploads\/2025\/08\/Aneta-Langerova_Red-stage_Ivancenkova_9-440x440-c-default.jpg 440w\" src=\"data:image\/gif;base64,R0lGODlhAQABAIAAAAAAAP\/\/\/yH5BAEAAAAALAAAAAABAAEAAAIBRAA7\"\n          class=\"b-gallery__thumbnail\"\n          loading=\"lazy\"\n          width=\"512\"\n          height=\"512\"\n          alt=\"Aneta Langerova\u0301_Red stage_Ivanc\u030cenkova\u0301_9\"\/>\n      <\/figure>\n    <\/a>\n  <\/div>\n\n<\/div>\n\n\n<div class=\"block\n  block--core-paragraph\n  block--align-none\n    u-pb--400  \">\n  \n<p>Photo: Al\u017eb\u011bta Ivan\u010denkov\u00e1<\/p>\n\n<\/div>\n\n\n<div class=\"block\n  block--acf-gallery\n  block--align-none\n    u-pb--400  \">\n  <div class=\"b-gallery js-gallery\">\n      <a\n      href=\"https:\/\/festival.praguepride.com\/app\/uploads\/2025\/08\/Aneta-Langerova_Red-stage_Ivancenkova_1-1920x0-c-default.jpg\"\n      data-barba-prevent>\n      <figure class=\"b-gallery__item\">\n        <img decoding=\"async\" srcset=\"https:\/\/festival.praguepride.com\/app\/uploads\/2025\/08\/Aneta-Langerova_Red-stage_Ivancenkova_1-220x220-c-default.jpg 220w, https:\/\/festival.praguepride.com\/app\/uploads\/2025\/08\/Aneta-Langerova_Red-stage_Ivancenkova_1-440x440-c-default.jpg 440w\" src=\"data:image\/gif;base64,R0lGODlhAQABAIAAAAAAAP\/\/\/yH5BAEAAAAALAAAAAABAAEAAAIBRAA7\"\n          class=\"b-gallery__thumbnail\"\n          loading=\"lazy\"\n          width=\"512\"\n          height=\"512\"\n          alt=\"Aneta Langerova\u0301_Red stage_Ivanc\u030cenkova\u0301_1\"\/>\n      <\/figure>\n    <\/a>\n      <a\n      href=\"https:\/\/festival.praguepride.com\/app\/uploads\/2025\/08\/Aneta-Langerova_Red-stage_Ivancenkova_7-1920x0-c-default.jpg\"\n      data-barba-prevent>\n      <figure class=\"b-gallery__item\">\n        <img decoding=\"async\" srcset=\"https:\/\/festival.praguepride.com\/app\/uploads\/2025\/08\/Aneta-Langerova_Red-stage_Ivancenkova_7-220x220-c-default.jpg 220w, https:\/\/festival.praguepride.com\/app\/uploads\/2025\/08\/Aneta-Langerova_Red-stage_Ivancenkova_7-440x440-c-default.jpg 440w\" src=\"data:image\/gif;base64,R0lGODlhAQABAIAAAAAAAP\/\/\/yH5BAEAAAAALAAAAAABAAEAAAIBRAA7\"\n          class=\"b-gallery__thumbnail\"\n          loading=\"lazy\"\n          width=\"512\"\n          height=\"512\"\n          alt=\"Aneta Langerova\u0301_Red stage_Ivanc\u030cenkova\u0301_7\"\/>\n      <\/figure>\n    <\/a>\n      <a\n      href=\"https:\/\/festival.praguepride.com\/app\/uploads\/2025\/08\/Aneta-Langerova_Red-stage_Ivancenkova_15-1920x0-c-default.jpg\"\n      data-barba-prevent>\n      <figure class=\"b-gallery__item\">\n        <img decoding=\"async\" srcset=\"https:\/\/festival.praguepride.com\/app\/uploads\/2025\/08\/Aneta-Langerova_Red-stage_Ivancenkova_15-220x220-c-default.jpg 220w, https:\/\/festival.praguepride.com\/app\/uploads\/2025\/08\/Aneta-Langerova_Red-stage_Ivancenkova_15-440x440-c-default.jpg 440w\" src=\"data:image\/gif;base64,R0lGODlhAQABAIAAAAAAAP\/\/\/yH5BAEAAAAALAAAAAABAAEAAAIBRAA7\"\n          class=\"b-gallery__thumbnail\"\n          loading=\"lazy\"\n          width=\"512\"\n          height=\"512\"\n          alt=\"Aneta Langerova\u0301_Red stage_Ivanc\u030cenkova\u0301_15\"\/>\n      <\/figure>\n    <\/a>\n      <a\n      href=\"https:\/\/festival.praguepride.com\/app\/uploads\/2025\/08\/Aneta-Langerova_Red-stage_Ivancenkova_35-1920x0-c-default.jpg\"\n      data-barba-prevent>\n      <figure class=\"b-gallery__item\">\n        <img decoding=\"async\" srcset=\"https:\/\/festival.praguepride.com\/app\/uploads\/2025\/08\/Aneta-Langerova_Red-stage_Ivancenkova_35-220x220-c-default.jpg 220w, https:\/\/festival.praguepride.com\/app\/uploads\/2025\/08\/Aneta-Langerova_Red-stage_Ivancenkova_35-440x440-c-default.jpg 440w\" src=\"data:image\/gif;base64,R0lGODlhAQABAIAAAAAAAP\/\/\/yH5BAEAAAAALAAAAAABAAEAAAIBRAA7\"\n          class=\"b-gallery__thumbnail\"\n          loading=\"lazy\"\n          width=\"512\"\n          height=\"512\"\n          alt=\"Aneta Langerova\u0301_Red stage_Ivanc\u030cenkova\u0301_35\"\/>\n      <\/figure>\n    <\/a>\n      <a\n      href=\"https:\/\/festival.praguepride.com\/app\/uploads\/2025\/08\/Kratochvilova_Red-Stage_Alzbeta-Ivancenkova_1-1920x0-c-default.jpg\"\n      data-barba-prevent>\n      <figure class=\"b-gallery__item\">\n        <img decoding=\"async\" srcset=\"https:\/\/festival.praguepride.com\/app\/uploads\/2025\/08\/Kratochvilova_Red-Stage_Alzbeta-Ivancenkova_1-220x220-c-default.jpg 220w, https:\/\/festival.praguepride.com\/app\/uploads\/2025\/08\/Kratochvilova_Red-Stage_Alzbeta-Ivancenkova_1-440x440-c-default.jpg 440w\" src=\"data:image\/gif;base64,R0lGODlhAQABAIAAAAAAAP\/\/\/yH5BAEAAAAALAAAAAABAAEAAAIBRAA7\"\n          class=\"b-gallery__thumbnail\"\n          loading=\"lazy\"\n          width=\"512\"\n          height=\"512\"\n          alt=\"Kratochvi\u0301lova\u0301_Red Stage_Alz\u030cbe\u030cta Ivanc\u030cenkova\u0301_1\"\/>\n      <\/figure>\n    <\/a>\n      <a\n      href=\"https:\/\/festival.praguepride.com\/app\/uploads\/2025\/08\/Kratochvilova_Red-Stage_Alzbeta-Ivancenkova_2-1920x0-c-default.jpg\"\n      data-barba-prevent>\n      <figure class=\"b-gallery__item\">\n        <img decoding=\"async\" srcset=\"https:\/\/festival.praguepride.com\/app\/uploads\/2025\/08\/Kratochvilova_Red-Stage_Alzbeta-Ivancenkova_2-220x220-c-default.jpg 220w, https:\/\/festival.praguepride.com\/app\/uploads\/2025\/08\/Kratochvilova_Red-Stage_Alzbeta-Ivancenkova_2-440x440-c-default.jpg 440w\" src=\"data:image\/gif;base64,R0lGODlhAQABAIAAAAAAAP\/\/\/yH5BAEAAAAALAAAAAABAAEAAAIBRAA7\"\n          class=\"b-gallery__thumbnail\"\n          loading=\"lazy\"\n          width=\"512\"\n          height=\"512\"\n          alt=\"Kratochvi\u0301lova\u0301_Red Stage_Alz\u030cbe\u030cta Ivanc\u030cenkova\u0301_2\"\/>\n      <\/figure>\n    <\/a>\n      <a\n      href=\"https:\/\/festival.praguepride.com\/app\/uploads\/2025\/08\/Kratochvilova_Red-Stage_Alzbeta-Ivancenkova_5-1920x0-c-default.jpg\"\n      data-barba-prevent>\n      <figure class=\"b-gallery__item\">\n        <img decoding=\"async\" srcset=\"https:\/\/festival.praguepride.com\/app\/uploads\/2025\/08\/Kratochvilova_Red-Stage_Alzbeta-Ivancenkova_5-220x220-c-default.jpg 220w, https:\/\/festival.praguepride.com\/app\/uploads\/2025\/08\/Kratochvilova_Red-Stage_Alzbeta-Ivancenkova_5-440x440-c-default.jpg 440w\" src=\"data:image\/gif;base64,R0lGODlhAQABAIAAAAAAAP\/\/\/yH5BAEAAAAALAAAAAABAAEAAAIBRAA7\"\n          class=\"b-gallery__thumbnail\"\n          loading=\"lazy\"\n          width=\"512\"\n          height=\"512\"\n          alt=\"Kratochvi\u0301lova\u0301_Red Stage_Alz\u030cbe\u030cta Ivanc\u030cenkova\u0301_5\"\/>\n      <\/figure>\n    <\/a>\n      <a\n      href=\"https:\/\/festival.praguepride.com\/app\/uploads\/2025\/08\/Kratochvilova_Red-Stage_Alzbeta-Ivancenkova_10-1920x0-c-default.jpg\"\n      data-barba-prevent>\n      <figure class=\"b-gallery__item\">\n        <img decoding=\"async\" srcset=\"https:\/\/festival.praguepride.com\/app\/uploads\/2025\/08\/Kratochvilova_Red-Stage_Alzbeta-Ivancenkova_10-220x220-c-default.jpg 220w, https:\/\/festival.praguepride.com\/app\/uploads\/2025\/08\/Kratochvilova_Red-Stage_Alzbeta-Ivancenkova_10-440x440-c-default.jpg 440w\" src=\"data:image\/gif;base64,R0lGODlhAQABAIAAAAAAAP\/\/\/yH5BAEAAAAALAAAAAABAAEAAAIBRAA7\"\n          class=\"b-gallery__thumbnail\"\n          loading=\"lazy\"\n          width=\"512\"\n          height=\"512\"\n          alt=\"Kratochvi\u0301lova\u0301_Red Stage_Alz\u030cbe\u030cta Ivanc\u030cenkova\u0301_10\"\/>\n      <\/figure>\n    <\/a>\n      <a\n      href=\"https:\/\/festival.praguepride.com\/app\/uploads\/2025\/08\/Kratochvilova_Red-Stage_Alzbeta-Ivancenkova_14-1920x0-c-default.jpg\"\n      data-barba-prevent>\n      <figure class=\"b-gallery__item\">\n        <img decoding=\"async\" srcset=\"https:\/\/festival.praguepride.com\/app\/uploads\/2025\/08\/Kratochvilova_Red-Stage_Alzbeta-Ivancenkova_14-220x220-c-default.jpg 220w, https:\/\/festival.praguepride.com\/app\/uploads\/2025\/08\/Kratochvilova_Red-Stage_Alzbeta-Ivancenkova_14-440x440-c-default.jpg 440w\" src=\"data:image\/gif;base64,R0lGODlhAQABAIAAAAAAAP\/\/\/yH5BAEAAAAALAAAAAABAAEAAAIBRAA7\"\n          class=\"b-gallery__thumbnail\"\n          loading=\"lazy\"\n          width=\"512\"\n          height=\"512\"\n          alt=\"Kratochvi\u0301lova\u0301_Red Stage_Alz\u030cbe\u030cta Ivanc\u030cenkova\u0301_14\"\/>\n      <\/figure>\n    <\/a>\n      <a\n      href=\"https:\/\/festival.praguepride.com\/app\/uploads\/2025\/08\/Kratochvilova_Red-Stage_Alzbeta-Ivancenkova_15-1920x0-c-default.jpg\"\n      data-barba-prevent>\n      <figure class=\"b-gallery__item\">\n        <img decoding=\"async\" srcset=\"https:\/\/festival.praguepride.com\/app\/uploads\/2025\/08\/Kratochvilova_Red-Stage_Alzbeta-Ivancenkova_15-220x220-c-default.jpg 220w, https:\/\/festival.praguepride.com\/app\/uploads\/2025\/08\/Kratochvilova_Red-Stage_Alzbeta-Ivancenkova_15-440x440-c-default.jpg 440w\" src=\"data:image\/gif;base64,R0lGODlhAQABAIAAAAAAAP\/\/\/yH5BAEAAAAALAAAAAABAAEAAAIBRAA7\"\n          class=\"b-gallery__thumbnail\"\n          loading=\"lazy\"\n          width=\"512\"\n          height=\"512\"\n          alt=\"Kratochvi\u0301lova\u0301_Red Stage_Alz\u030cbe\u030cta Ivanc\u030cenkova\u0301_15\"\/>\n      <\/figure>\n    <\/a>\n      <a\n      href=\"https:\/\/festival.praguepride.com\/app\/uploads\/2025\/08\/Kratochvilova_Red-Stage_Alzbeta-Ivancenkova_20-1920x0-c-default.jpg\"\n      data-barba-prevent>\n      <figure class=\"b-gallery__item\">\n        <img decoding=\"async\" srcset=\"https:\/\/festival.praguepride.com\/app\/uploads\/2025\/08\/Kratochvilova_Red-Stage_Alzbeta-Ivancenkova_20-220x220-c-default.jpg 220w, https:\/\/festival.praguepride.com\/app\/uploads\/2025\/08\/Kratochvilova_Red-Stage_Alzbeta-Ivancenkova_20-440x440-c-default.jpg 440w\" src=\"data:image\/gif;base64,R0lGODlhAQABAIAAAAAAAP\/\/\/yH5BAEAAAAALAAAAAABAAEAAAIBRAA7\"\n          class=\"b-gallery__thumbnail\"\n          loading=\"lazy\"\n          width=\"512\"\n          height=\"512\"\n          alt=\"Kratochvi\u0301lova\u0301_Red Stage_Alz\u030cbe\u030cta Ivanc\u030cenkova\u0301_20\"\/>\n      <\/figure>\n    <\/a>\n      <a\n      href=\"https:\/\/festival.praguepride.com\/app\/uploads\/2025\/08\/Kratochvilova_Red-Stage_Alzbeta-Ivancenkova_18-1920x0-c-default.jpg\"\n      data-barba-prevent>\n      <figure class=\"b-gallery__item\">\n        <img decoding=\"async\" srcset=\"https:\/\/festival.praguepride.com\/app\/uploads\/2025\/08\/Kratochvilova_Red-Stage_Alzbeta-Ivancenkova_18-220x220-c-default.jpg 220w, https:\/\/festival.praguepride.com\/app\/uploads\/2025\/08\/Kratochvilova_Red-Stage_Alzbeta-Ivancenkova_18-440x440-c-default.jpg 440w\" src=\"data:image\/gif;base64,R0lGODlhAQABAIAAAAAAAP\/\/\/yH5BAEAAAAALAAAAAABAAEAAAIBRAA7\"\n          class=\"b-gallery__thumbnail\"\n          loading=\"lazy\"\n          width=\"512\"\n          height=\"512\"\n          alt=\"Kratochvi\u0301lova\u0301_Red Stage_Alz\u030cbe\u030cta Ivanc\u030cenkova\u0301_18\"\/>\n      <\/figure>\n    <\/a>\n      <a\n      href=\"https:\/\/festival.praguepride.com\/app\/uploads\/2025\/08\/Miss-Petty_Red-Stage_Alzbeta-Ivancenkova_3-1920x0-c-default.jpg\"\n      data-barba-prevent>\n      <figure class=\"b-gallery__item\">\n        <img decoding=\"async\" srcset=\"https:\/\/festival.praguepride.com\/app\/uploads\/2025\/08\/Miss-Petty_Red-Stage_Alzbeta-Ivancenkova_3-220x220-c-default.jpg 220w, https:\/\/festival.praguepride.com\/app\/uploads\/2025\/08\/Miss-Petty_Red-Stage_Alzbeta-Ivancenkova_3-440x440-c-default.jpg 440w\" src=\"data:image\/gif;base64,R0lGODlhAQABAIAAAAAAAP\/\/\/yH5BAEAAAAALAAAAAABAAEAAAIBRAA7\"\n          class=\"b-gallery__thumbnail\"\n          loading=\"lazy\"\n          width=\"512\"\n          height=\"512\"\n          alt=\"Miss Petty_Red Stage_Alz\u030cbe\u030cta Ivanc\u030cenkova\u0301_3\"\/>\n      <\/figure>\n    <\/a>\n      <a\n      href=\"https:\/\/festival.praguepride.com\/app\/uploads\/2025\/08\/Miss-Petty_Red-Stage_Alzbeta-Ivancenkova_6-1920x0-c-default.jpg\"\n      data-barba-prevent>\n      <figure class=\"b-gallery__item\">\n        <img decoding=\"async\" srcset=\"https:\/\/festival.praguepride.com\/app\/uploads\/2025\/08\/Miss-Petty_Red-Stage_Alzbeta-Ivancenkova_6-220x220-c-default.jpg 220w, https:\/\/festival.praguepride.com\/app\/uploads\/2025\/08\/Miss-Petty_Red-Stage_Alzbeta-Ivancenkova_6-440x440-c-default.jpg 440w\" src=\"data:image\/gif;base64,R0lGODlhAQABAIAAAAAAAP\/\/\/yH5BAEAAAAALAAAAAABAAEAAAIBRAA7\"\n          class=\"b-gallery__thumbnail\"\n          loading=\"lazy\"\n          width=\"512\"\n          height=\"512\"\n          alt=\"Miss Petty_Red Stage_Alz\u030cbe\u030cta Ivanc\u030cenkova\u0301_6\"\/>\n      <\/figure>\n    <\/a>\n      <a\n      href=\"https:\/\/festival.praguepride.com\/app\/uploads\/2025\/08\/Miss-Petty_Red-Stage_Alzbeta-Ivancenkova_5-1920x0-c-default.jpg\"\n      data-barba-prevent>\n      <figure class=\"b-gallery__item\">\n        <img decoding=\"async\" srcset=\"https:\/\/festival.praguepride.com\/app\/uploads\/2025\/08\/Miss-Petty_Red-Stage_Alzbeta-Ivancenkova_5-220x220-c-default.jpg 220w, https:\/\/festival.praguepride.com\/app\/uploads\/2025\/08\/Miss-Petty_Red-Stage_Alzbeta-Ivancenkova_5-440x440-c-default.jpg 440w\" src=\"data:image\/gif;base64,R0lGODlhAQABAIAAAAAAAP\/\/\/yH5BAEAAAAALAAAAAABAAEAAAIBRAA7\"\n          class=\"b-gallery__thumbnail\"\n          loading=\"lazy\"\n          width=\"512\"\n          height=\"512\"\n          alt=\"Miss Petty_Red Stage_Alz\u030cbe\u030cta Ivanc\u030cenkova\u0301_5\"\/>\n      <\/figure>\n    <\/a>\n      <a\n      href=\"https:\/\/festival.praguepride.com\/app\/uploads\/2025\/08\/Miss-Petty_Red-Stage_Alzbeta-Ivancenkova_9-1920x0-c-default.jpg\"\n      data-barba-prevent>\n      <figure class=\"b-gallery__item\">\n        <img decoding=\"async\" srcset=\"https:\/\/festival.praguepride.com\/app\/uploads\/2025\/08\/Miss-Petty_Red-Stage_Alzbeta-Ivancenkova_9-220x220-c-default.jpg 220w, https:\/\/festival.praguepride.com\/app\/uploads\/2025\/08\/Miss-Petty_Red-Stage_Alzbeta-Ivancenkova_9-440x440-c-default.jpg 440w\" src=\"data:image\/gif;base64,R0lGODlhAQABAIAAAAAAAP\/\/\/yH5BAEAAAAALAAAAAABAAEAAAIBRAA7\"\n          class=\"b-gallery__thumbnail\"\n          loading=\"lazy\"\n          width=\"512\"\n          height=\"512\"\n          alt=\"Miss Petty_Red Stage_Alz\u030cbe\u030cta Ivanc\u030cenkova\u0301_9\"\/>\n      <\/figure>\n    <\/a>\n      <a\n      href=\"https:\/\/festival.praguepride.com\/app\/uploads\/2025\/08\/Miss-Petty_Red-Stage_Alzbeta-Ivancenkova_14-1920x0-c-default.jpg\"\n      data-barba-prevent>\n      <figure class=\"b-gallery__item\">\n        <img decoding=\"async\" srcset=\"https:\/\/festival.praguepride.com\/app\/uploads\/2025\/08\/Miss-Petty_Red-Stage_Alzbeta-Ivancenkova_14-220x220-c-default.jpg 220w, https:\/\/festival.praguepride.com\/app\/uploads\/2025\/08\/Miss-Petty_Red-Stage_Alzbeta-Ivancenkova_14-440x440-c-default.jpg 440w\" src=\"data:image\/gif;base64,R0lGODlhAQABAIAAAAAAAP\/\/\/yH5BAEAAAAALAAAAAABAAEAAAIBRAA7\"\n          class=\"b-gallery__thumbnail\"\n          loading=\"lazy\"\n          width=\"512\"\n          height=\"512\"\n          alt=\"Miss Petty_Red Stage_Alz\u030cbe\u030cta Ivanc\u030cenkova\u0301_14\"\/>\n      <\/figure>\n    <\/a>\n      <a\n      href=\"https:\/\/festival.praguepride.com\/app\/uploads\/2025\/08\/Miss-Petty_Red-Stage_Alzbeta-Ivancenkova_15-1920x0-c-default.jpg\"\n      data-barba-prevent>\n      <figure class=\"b-gallery__item\">\n        <img decoding=\"async\" srcset=\"https:\/\/festival.praguepride.com\/app\/uploads\/2025\/08\/Miss-Petty_Red-Stage_Alzbeta-Ivancenkova_15-220x220-c-default.jpg 220w, https:\/\/festival.praguepride.com\/app\/uploads\/2025\/08\/Miss-Petty_Red-Stage_Alzbeta-Ivancenkova_15-440x440-c-default.jpg 440w\" src=\"data:image\/gif;base64,R0lGODlhAQABAIAAAAAAAP\/\/\/yH5BAEAAAAALAAAAAABAAEAAAIBRAA7\"\n          class=\"b-gallery__thumbnail\"\n          loading=\"lazy\"\n          width=\"512\"\n          height=\"512\"\n          alt=\"Miss Petty_Red Stage_Alz\u030cbe\u030cta Ivanc\u030cenkova\u0301_15\"\/>\n      <\/figure>\n    <\/a>\n      <a\n      href=\"https:\/\/festival.praguepride.com\/app\/uploads\/2025\/08\/Miss-Petty_Red-Stage_Alzbeta-Ivancenkova_17-1920x0-c-default.jpg\"\n      data-barba-prevent>\n      <figure class=\"b-gallery__item\">\n        <img decoding=\"async\" srcset=\"https:\/\/festival.praguepride.com\/app\/uploads\/2025\/08\/Miss-Petty_Red-Stage_Alzbeta-Ivancenkova_17-220x220-c-default.jpg 220w, https:\/\/festival.praguepride.com\/app\/uploads\/2025\/08\/Miss-Petty_Red-Stage_Alzbeta-Ivancenkova_17-440x440-c-default.jpg 440w\" src=\"data:image\/gif;base64,R0lGODlhAQABAIAAAAAAAP\/\/\/yH5BAEAAAAALAAAAAABAAEAAAIBRAA7\"\n          class=\"b-gallery__thumbnail\"\n          loading=\"lazy\"\n          width=\"512\"\n          height=\"512\"\n          alt=\"Miss Petty_Red Stage_Alz\u030cbe\u030cta Ivanc\u030cenkova\u0301_17\"\/>\n      <\/figure>\n    <\/a>\n      <a\n      href=\"https:\/\/festival.praguepride.com\/app\/uploads\/2025\/08\/Miss-Petty_Red-Stage_Alzbeta-Ivancenkova_19-1920x0-c-default.jpg\"\n      data-barba-prevent>\n      <figure class=\"b-gallery__item\">\n        <img decoding=\"async\" srcset=\"https:\/\/festival.praguepride.com\/app\/uploads\/2025\/08\/Miss-Petty_Red-Stage_Alzbeta-Ivancenkova_19-220x220-c-default.jpg 220w, https:\/\/festival.praguepride.com\/app\/uploads\/2025\/08\/Miss-Petty_Red-Stage_Alzbeta-Ivancenkova_19-440x440-c-default.jpg 440w\" src=\"data:image\/gif;base64,R0lGODlhAQABAIAAAAAAAP\/\/\/yH5BAEAAAAALAAAAAABAAEAAAIBRAA7\"\n          class=\"b-gallery__thumbnail\"\n          loading=\"lazy\"\n          width=\"512\"\n          height=\"512\"\n          alt=\"Miss Petty_Red Stage_Alz\u030cbe\u030cta Ivanc\u030cenkova\u0301_19\"\/>\n      <\/figure>\n    <\/a>\n      <a\n      href=\"https:\/\/festival.praguepride.com\/app\/uploads\/2025\/08\/Miss-Petty_Red-Stage_Alzbeta-Ivancenkova_34-1920x0-c-default.jpg\"\n      data-barba-prevent>\n      <figure class=\"b-gallery__item\">\n        <img decoding=\"async\" srcset=\"https:\/\/festival.praguepride.com\/app\/uploads\/2025\/08\/Miss-Petty_Red-Stage_Alzbeta-Ivancenkova_34-220x220-c-default.jpg 220w, https:\/\/festival.praguepride.com\/app\/uploads\/2025\/08\/Miss-Petty_Red-Stage_Alzbeta-Ivancenkova_34-440x440-c-default.jpg 440w\" src=\"data:image\/gif;base64,R0lGODlhAQABAIAAAAAAAP\/\/\/yH5BAEAAAAALAAAAAABAAEAAAIBRAA7\"\n          class=\"b-gallery__thumbnail\"\n          loading=\"lazy\"\n          width=\"512\"\n          height=\"512\"\n          alt=\"Miss Petty_Red Stage_Alz\u030cbe\u030cta Ivanc\u030cenkova\u0301_34\"\/>\n      <\/figure>\n    <\/a>\n      <a\n      href=\"https:\/\/festival.praguepride.com\/app\/uploads\/2025\/08\/Miss-Petty_Red-Stage_Alzbeta-Ivancenkova_31-1920x0-c-default.jpg\"\n      data-barba-prevent>\n      <figure class=\"b-gallery__item\">\n        <img decoding=\"async\" srcset=\"https:\/\/festival.praguepride.com\/app\/uploads\/2025\/08\/Miss-Petty_Red-Stage_Alzbeta-Ivancenkova_31-220x220-c-default.jpg 220w, https:\/\/festival.praguepride.com\/app\/uploads\/2025\/08\/Miss-Petty_Red-Stage_Alzbeta-Ivancenkova_31-440x440-c-default.jpg 440w\" src=\"data:image\/gif;base64,R0lGODlhAQABAIAAAAAAAP\/\/\/yH5BAEAAAAALAAAAAABAAEAAAIBRAA7\"\n          class=\"b-gallery__thumbnail\"\n          loading=\"lazy\"\n          width=\"512\"\n          height=\"512\"\n          alt=\"Miss Petty_Red Stage_Alz\u030cbe\u030cta Ivanc\u030cenkova\u0301_31\"\/>\n      <\/figure>\n    <\/a>\n      <a\n      href=\"https:\/\/festival.praguepride.com\/app\/uploads\/2025\/08\/Miss-Petty_Red-Stage_Alzbeta-Ivancenkova_29-1920x0-c-default.jpg\"\n      data-barba-prevent>\n      <figure class=\"b-gallery__item\">\n        <img decoding=\"async\" srcset=\"https:\/\/festival.praguepride.com\/app\/uploads\/2025\/08\/Miss-Petty_Red-Stage_Alzbeta-Ivancenkova_29-220x220-c-default.jpg 220w, https:\/\/festival.praguepride.com\/app\/uploads\/2025\/08\/Miss-Petty_Red-Stage_Alzbeta-Ivancenkova_29-440x440-c-default.jpg 440w\" src=\"data:image\/gif;base64,R0lGODlhAQABAIAAAAAAAP\/\/\/yH5BAEAAAAALAAAAAABAAEAAAIBRAA7\"\n          class=\"b-gallery__thumbnail\"\n          loading=\"lazy\"\n          width=\"512\"\n          height=\"512\"\n          alt=\"Miss Petty_Red Stage_Alz\u030cbe\u030cta Ivanc\u030cenkova\u0301_29\"\/>\n      <\/figure>\n    <\/a>\n      <a\n      href=\"https:\/\/festival.praguepride.com\/app\/uploads\/2025\/08\/Miss-Petty_Red-Stage_Alzbeta-Ivancenkova_27-1920x0-c-default.jpg\"\n      data-barba-prevent>\n      <figure class=\"b-gallery__item\">\n        <img decoding=\"async\" srcset=\"https:\/\/festival.praguepride.com\/app\/uploads\/2025\/08\/Miss-Petty_Red-Stage_Alzbeta-Ivancenkova_27-220x220-c-default.jpg 220w, https:\/\/festival.praguepride.com\/app\/uploads\/2025\/08\/Miss-Petty_Red-Stage_Alzbeta-Ivancenkova_27-440x440-c-default.jpg 440w\" src=\"data:image\/gif;base64,R0lGODlhAQABAIAAAAAAAP\/\/\/yH5BAEAAAAALAAAAAABAAEAAAIBRAA7\"\n          class=\"b-gallery__thumbnail\"\n          loading=\"lazy\"\n          width=\"512\"\n          height=\"512\"\n          alt=\"Miss Petty_Red Stage_Alz\u030cbe\u030cta Ivanc\u030cenkova\u0301_27\"\/>\n      <\/figure>\n    <\/a>\n      <a\n      href=\"https:\/\/festival.praguepride.com\/app\/uploads\/2025\/08\/Miss-Petty_Red-Stage_Alzbeta-Ivancenkova_24-1920x0-c-default.jpg\"\n      data-barba-prevent>\n      <figure class=\"b-gallery__item\">\n        <img decoding=\"async\" srcset=\"https:\/\/festival.praguepride.com\/app\/uploads\/2025\/08\/Miss-Petty_Red-Stage_Alzbeta-Ivancenkova_24-220x220-c-default.jpg 220w, https:\/\/festival.praguepride.com\/app\/uploads\/2025\/08\/Miss-Petty_Red-Stage_Alzbeta-Ivancenkova_24-440x440-c-default.jpg 440w\" src=\"data:image\/gif;base64,R0lGODlhAQABAIAAAAAAAP\/\/\/yH5BAEAAAAALAAAAAABAAEAAAIBRAA7\"\n          class=\"b-gallery__thumbnail\"\n          loading=\"lazy\"\n          width=\"512\"\n          height=\"512\"\n          alt=\"Miss Petty_Red Stage_Alz\u030cbe\u030cta Ivanc\u030cenkova\u0301_24\"\/>\n      <\/figure>\n    <\/a>\n      <a\n      href=\"https:\/\/festival.praguepride.com\/app\/uploads\/2025\/08\/Miss-Petty_Red-Stage_Alzbeta-Ivancenkova_23-1920x0-c-default.jpg\"\n      data-barba-prevent>\n      <figure class=\"b-gallery__item\">\n        <img decoding=\"async\" srcset=\"https:\/\/festival.praguepride.com\/app\/uploads\/2025\/08\/Miss-Petty_Red-Stage_Alzbeta-Ivancenkova_23-220x220-c-default.jpg 220w, https:\/\/festival.praguepride.com\/app\/uploads\/2025\/08\/Miss-Petty_Red-Stage_Alzbeta-Ivancenkova_23-440x440-c-default.jpg 440w\" src=\"data:image\/gif;base64,R0lGODlhAQABAIAAAAAAAP\/\/\/yH5BAEAAAAALAAAAAABAAEAAAIBRAA7\"\n          class=\"b-gallery__thumbnail\"\n          loading=\"lazy\"\n          width=\"512\"\n          height=\"512\"\n          alt=\"Miss Petty_Red Stage_Alz\u030cbe\u030cta Ivanc\u030cenkova\u0301_23\"\/>\n      <\/figure>\n    <\/a>\n      <a\n      href=\"https:\/\/festival.praguepride.com\/app\/uploads\/2025\/08\/Miss-Petty_Red-Stage_Alzbeta-Ivancenkova_20-1920x0-c-default.jpg\"\n      data-barba-prevent>\n      <figure class=\"b-gallery__item\">\n        <img decoding=\"async\" srcset=\"https:\/\/festival.praguepride.com\/app\/uploads\/2025\/08\/Miss-Petty_Red-Stage_Alzbeta-Ivancenkova_20-220x220-c-default.jpg 220w, https:\/\/festival.praguepride.com\/app\/uploads\/2025\/08\/Miss-Petty_Red-Stage_Alzbeta-Ivancenkova_20-440x440-c-default.jpg 440w\" src=\"data:image\/gif;base64,R0lGODlhAQABAIAAAAAAAP\/\/\/yH5BAEAAAAALAAAAAABAAEAAAIBRAA7\"\n          class=\"b-gallery__thumbnail\"\n          loading=\"lazy\"\n          width=\"512\"\n          height=\"512\"\n          alt=\"Miss Petty_Red Stage_Alz\u030cbe\u030cta Ivanc\u030cenkova\u0301_20\"\/>\n      <\/figure>\n    <\/a>\n      <a\n      href=\"https:\/\/festival.praguepride.com\/app\/uploads\/2025\/08\/neco-neco_Red-Stage_Alzbeta-Ivancenkova_2-1920x0-c-default.jpg\"\n      data-barba-prevent>\n      <figure class=\"b-gallery__item\">\n        <img decoding=\"async\" srcset=\"https:\/\/festival.praguepride.com\/app\/uploads\/2025\/08\/neco-neco_Red-Stage_Alzbeta-Ivancenkova_2-220x220-c-default.jpg 220w, https:\/\/festival.praguepride.com\/app\/uploads\/2025\/08\/neco-neco_Red-Stage_Alzbeta-Ivancenkova_2-440x440-c-default.jpg 440w\" src=\"data:image\/gif;base64,R0lGODlhAQABAIAAAAAAAP\/\/\/yH5BAEAAAAALAAAAAABAAEAAAIBRAA7\"\n          class=\"b-gallery__thumbnail\"\n          loading=\"lazy\"\n          width=\"512\"\n          height=\"512\"\n          alt=\"ne\u030cco ne\u030cco_Red Stage_Alz\u030cbe\u030cta Ivanc\u030cenkova\u0301_2\"\/>\n      <\/figure>\n    <\/a>\n      <a\n      href=\"https:\/\/festival.praguepride.com\/app\/uploads\/2025\/08\/neco-neco_Red-Stage_Alzbeta-Ivancenkova_3-1920x0-c-default.jpg\"\n      data-barba-prevent>\n      <figure class=\"b-gallery__item\">\n        <img decoding=\"async\" srcset=\"https:\/\/festival.praguepride.com\/app\/uploads\/2025\/08\/neco-neco_Red-Stage_Alzbeta-Ivancenkova_3-220x220-c-default.jpg 220w, https:\/\/festival.praguepride.com\/app\/uploads\/2025\/08\/neco-neco_Red-Stage_Alzbeta-Ivancenkova_3-440x440-c-default.jpg 440w\" src=\"data:image\/gif;base64,R0lGODlhAQABAIAAAAAAAP\/\/\/yH5BAEAAAAALAAAAAABAAEAAAIBRAA7\"\n          class=\"b-gallery__thumbnail\"\n          loading=\"lazy\"\n          width=\"512\"\n          height=\"512\"\n          alt=\"ne\u030cco ne\u030cco_Red Stage_Alz\u030cbe\u030cta Ivanc\u030cenkova\u0301_3\"\/>\n      <\/figure>\n    <\/a>\n      <a\n      href=\"https:\/\/festival.praguepride.com\/app\/uploads\/2025\/08\/neco-neco_Red-Stage_Alzbeta-Ivancenkova_6-1920x0-c-default.jpg\"\n      data-barba-prevent>\n      <figure class=\"b-gallery__item\">\n        <img decoding=\"async\" srcset=\"https:\/\/festival.praguepride.com\/app\/uploads\/2025\/08\/neco-neco_Red-Stage_Alzbeta-Ivancenkova_6-220x220-c-default.jpg 220w, https:\/\/festival.praguepride.com\/app\/uploads\/2025\/08\/neco-neco_Red-Stage_Alzbeta-Ivancenkova_6-440x440-c-default.jpg 440w\" src=\"data:image\/gif;base64,R0lGODlhAQABAIAAAAAAAP\/\/\/yH5BAEAAAAALAAAAAABAAEAAAIBRAA7\"\n          class=\"b-gallery__thumbnail\"\n          loading=\"lazy\"\n          width=\"512\"\n          height=\"512\"\n          alt=\"ne\u030cco ne\u030cco_Red Stage_Alz\u030cbe\u030cta Ivanc\u030cenkova\u0301_6\"\/>\n      <\/figure>\n    <\/a>\n      <a\n      href=\"https:\/\/festival.praguepride.com\/app\/uploads\/2025\/08\/neco-neco_Red-Stage_Alzbeta-Ivancenkova_11-1920x0-c-default.jpg\"\n      data-barba-prevent>\n      <figure class=\"b-gallery__item\">\n        <img decoding=\"async\" srcset=\"https:\/\/festival.praguepride.com\/app\/uploads\/2025\/08\/neco-neco_Red-Stage_Alzbeta-Ivancenkova_11-220x220-c-default.jpg 220w, https:\/\/festival.praguepride.com\/app\/uploads\/2025\/08\/neco-neco_Red-Stage_Alzbeta-Ivancenkova_11-440x440-c-default.jpg 440w\" src=\"data:image\/gif;base64,R0lGODlhAQABAIAAAAAAAP\/\/\/yH5BAEAAAAALAAAAAABAAEAAAIBRAA7\"\n          class=\"b-gallery__thumbnail\"\n          loading=\"lazy\"\n          width=\"512\"\n          height=\"512\"\n          alt=\"ne\u030cco ne\u030cco_Red Stage_Alz\u030cbe\u030cta Ivanc\u030cenkova\u0301_11\"\/>\n      <\/figure>\n    <\/a>\n      <a\n      href=\"https:\/\/festival.praguepride.com\/app\/uploads\/2025\/08\/neco-neco_Red-Stage_Alzbeta-Ivancenkova_8-1920x0-c-default.jpg\"\n      data-barba-prevent>\n      <figure class=\"b-gallery__item\">\n        <img decoding=\"async\" srcset=\"https:\/\/festival.praguepride.com\/app\/uploads\/2025\/08\/neco-neco_Red-Stage_Alzbeta-Ivancenkova_8-220x220-c-default.jpg 220w, https:\/\/festival.praguepride.com\/app\/uploads\/2025\/08\/neco-neco_Red-Stage_Alzbeta-Ivancenkova_8-440x440-c-default.jpg 440w\" src=\"data:image\/gif;base64,R0lGODlhAQABAIAAAAAAAP\/\/\/yH5BAEAAAAALAAAAAABAAEAAAIBRAA7\"\n          class=\"b-gallery__thumbnail\"\n          loading=\"lazy\"\n          width=\"512\"\n          height=\"512\"\n          alt=\"ne\u030cco ne\u030cco_Red Stage_Alz\u030cbe\u030cta Ivanc\u030cenkova\u0301_8\"\/>\n      <\/figure>\n    <\/a>\n      <a\n      href=\"https:\/\/festival.praguepride.com\/app\/uploads\/2025\/08\/neco-neco_Red-Stage_Alzbeta-Ivancenkova_15-1920x0-c-default.jpg\"\n      data-barba-prevent>\n      <figure class=\"b-gallery__item\">\n        <img decoding=\"async\" srcset=\"https:\/\/festival.praguepride.com\/app\/uploads\/2025\/08\/neco-neco_Red-Stage_Alzbeta-Ivancenkova_15-220x220-c-default.jpg 220w, https:\/\/festival.praguepride.com\/app\/uploads\/2025\/08\/neco-neco_Red-Stage_Alzbeta-Ivancenkova_15-440x440-c-default.jpg 440w\" src=\"data:image\/gif;base64,R0lGODlhAQABAIAAAAAAAP\/\/\/yH5BAEAAAAALAAAAAABAAEAAAIBRAA7\"\n          class=\"b-gallery__thumbnail\"\n          loading=\"lazy\"\n          width=\"512\"\n          height=\"512\"\n          alt=\"ne\u030cco ne\u030cco_Red Stage_Alz\u030cbe\u030cta Ivanc\u030cenkova\u0301_15\"\/>\n      <\/figure>\n    <\/a>\n      <a\n      href=\"https:\/\/festival.praguepride.com\/app\/uploads\/2025\/08\/neco-neco_Red-Stage_Alzbeta-Ivancenkova_14-1920x0-c-default.jpg\"\n      data-barba-prevent>\n      <figure class=\"b-gallery__item\">\n        <img decoding=\"async\" srcset=\"https:\/\/festival.praguepride.com\/app\/uploads\/2025\/08\/neco-neco_Red-Stage_Alzbeta-Ivancenkova_14-220x220-c-default.jpg 220w, https:\/\/festival.praguepride.com\/app\/uploads\/2025\/08\/neco-neco_Red-Stage_Alzbeta-Ivancenkova_14-440x440-c-default.jpg 440w\" src=\"data:image\/gif;base64,R0lGODlhAQABAIAAAAAAAP\/\/\/yH5BAEAAAAALAAAAAABAAEAAAIBRAA7\"\n          class=\"b-gallery__thumbnail\"\n          loading=\"lazy\"\n          width=\"512\"\n          height=\"512\"\n          alt=\"ne\u030cco ne\u030cco_Red Stage_Alz\u030cbe\u030cta Ivanc\u030cenkova\u0301_14\"\/>\n      <\/figure>\n    <\/a>\n  <\/div>\n\n<\/div>\n\n\n<div class=\"block\n  block--core-paragraph\n  block--align-none\n    u-pb--400  \">\n  \n<p>Photo: Kay Hal\u00ed\u0159<\/p>\n\n<\/div>\n\n\n<div class=\"block\n  block--acf-gallery\n  block--align-none\n      \">\n  <div class=\"b-gallery js-gallery\">\n      <a\n      href=\"https:\/\/festival.praguepride.com\/app\/uploads\/2025\/08\/2144_PridePark_KayHalir-1920x0-c-default.jpg\"\n      data-barba-prevent>\n      <figure class=\"b-gallery__item\">\n        <img decoding=\"async\" srcset=\"https:\/\/festival.praguepride.com\/app\/uploads\/2025\/08\/2144_PridePark_KayHalir-220x220-c-default.jpg 220w, https:\/\/festival.praguepride.com\/app\/uploads\/2025\/08\/2144_PridePark_KayHalir-440x440-c-default.jpg 440w\" src=\"data:image\/gif;base64,R0lGODlhAQABAIAAAAAAAP\/\/\/yH5BAEAAAAALAAAAAABAAEAAAIBRAA7\"\n          class=\"b-gallery__thumbnail\"\n          loading=\"lazy\"\n          width=\"512\"\n          height=\"512\"\n          alt=\"2144_PridePark_KayHalir\"\/>\n      <\/figure>\n    <\/a>\n      <a\n      href=\"https:\/\/festival.praguepride.com\/app\/uploads\/2025\/08\/2135_PridePark_KayHalir-1920x0-c-default.jpg\"\n      data-barba-prevent>\n      <figure class=\"b-gallery__item\">\n        <img decoding=\"async\" srcset=\"https:\/\/festival.praguepride.com\/app\/uploads\/2025\/08\/2135_PridePark_KayHalir-220x220-c-default.jpg 220w, https:\/\/festival.praguepride.com\/app\/uploads\/2025\/08\/2135_PridePark_KayHalir-440x440-c-default.jpg 440w\" src=\"data:image\/gif;base64,R0lGODlhAQABAIAAAAAAAP\/\/\/yH5BAEAAAAALAAAAAABAAEAAAIBRAA7\"\n          class=\"b-gallery__thumbnail\"\n          loading=\"lazy\"\n          width=\"512\"\n          height=\"512\"\n          alt=\"2135_PridePark_KayHalir\"\/>\n      <\/figure>\n    <\/a>\n      <a\n      href=\"https:\/\/festival.praguepride.com\/app\/uploads\/2025\/08\/2128_PridePark_KayHalir-1920x0-c-default.jpg\"\n      data-barba-prevent>\n      <figure class=\"b-gallery__item\">\n        <img decoding=\"async\" srcset=\"https:\/\/festival.praguepride.com\/app\/uploads\/2025\/08\/2128_PridePark_KayHalir-220x220-c-default.jpg 220w, https:\/\/festival.praguepride.com\/app\/uploads\/2025\/08\/2128_PridePark_KayHalir-440x440-c-default.jpg 440w\" src=\"data:image\/gif;base64,R0lGODlhAQABAIAAAAAAAP\/\/\/yH5BAEAAAAALAAAAAABAAEAAAIBRAA7\"\n          class=\"b-gallery__thumbnail\"\n          loading=\"lazy\"\n          width=\"512\"\n          height=\"512\"\n          alt=\"2128_PridePark_KayHalir\"\/>\n      <\/figure>\n    <\/a>\n      <a\n      href=\"https:\/\/festival.praguepride.com\/app\/uploads\/2025\/08\/2115_PridePark_KayHalir-1920x0-c-default.jpg\"\n      data-barba-prevent>\n      <figure class=\"b-gallery__item\">\n        <img decoding=\"async\" srcset=\"https:\/\/festival.praguepride.com\/app\/uploads\/2025\/08\/2115_PridePark_KayHalir-220x220-c-default.jpg 220w, https:\/\/festival.praguepride.com\/app\/uploads\/2025\/08\/2115_PridePark_KayHalir-440x440-c-default.jpg 440w\" src=\"data:image\/gif;base64,R0lGODlhAQABAIAAAAAAAP\/\/\/yH5BAEAAAAALAAAAAABAAEAAAIBRAA7\"\n          class=\"b-gallery__thumbnail\"\n          loading=\"lazy\"\n          width=\"512\"\n          height=\"512\"\n          alt=\"2115_PridePark_KayHalir\"\/>\n      <\/figure>\n    <\/a>\n      <a\n      href=\"https:\/\/festival.praguepride.com\/app\/uploads\/2025\/08\/2120_PridePark_KayHalir-2-1920x0-c-default.jpg\"\n      data-barba-prevent>\n      <figure class=\"b-gallery__item\">\n        <img decoding=\"async\" srcset=\"https:\/\/festival.praguepride.com\/app\/uploads\/2025\/08\/2120_PridePark_KayHalir-2-220x220-c-default.jpg 220w, https:\/\/festival.praguepride.com\/app\/uploads\/2025\/08\/2120_PridePark_KayHalir-2-440x440-c-default.jpg 440w\" src=\"data:image\/gif;base64,R0lGODlhAQABAIAAAAAAAP\/\/\/yH5BAEAAAAALAAAAAABAAEAAAIBRAA7\"\n          class=\"b-gallery__thumbnail\"\n          loading=\"lazy\"\n          width=\"512\"\n          height=\"512\"\n          alt=\"2120_PridePark_KayHalir-2\"\/>\n      <\/figure>\n    <\/a>\n      <a\n      href=\"https:\/\/festival.praguepride.com\/app\/uploads\/2025\/08\/2114_PridePark_KayHalir-1920x0-c-default.jpg\"\n      data-barba-prevent>\n      <figure class=\"b-gallery__item\">\n        <img decoding=\"async\" srcset=\"https:\/\/festival.praguepride.com\/app\/uploads\/2025\/08\/2114_PridePark_KayHalir-220x220-c-default.jpg 220w, https:\/\/festival.praguepride.com\/app\/uploads\/2025\/08\/2114_PridePark_KayHalir-440x440-c-default.jpg 440w\" src=\"data:image\/gif;base64,R0lGODlhAQABAIAAAAAAAP\/\/\/yH5BAEAAAAALAAAAAABAAEAAAIBRAA7\"\n          class=\"b-gallery__thumbnail\"\n          loading=\"lazy\"\n          width=\"512\"\n          height=\"512\"\n          alt=\"2114_PridePark_KayHalir\"\/>\n      <\/figure>\n    <\/a>\n      <a\n      href=\"https:\/\/festival.praguepride.com\/app\/uploads\/2025\/08\/1917_PridePark_KayHalir-1920x0-c-default.jpg\"\n      data-barba-prevent>\n      <figure class=\"b-gallery__item\">\n        <img decoding=\"async\" srcset=\"https:\/\/festival.praguepride.com\/app\/uploads\/2025\/08\/1917_PridePark_KayHalir-220x220-c-default.jpg 220w, https:\/\/festival.praguepride.com\/app\/uploads\/2025\/08\/1917_PridePark_KayHalir-440x440-c-default.jpg 440w\" src=\"data:image\/gif;base64,R0lGODlhAQABAIAAAAAAAP\/\/\/yH5BAEAAAAALAAAAAABAAEAAAIBRAA7\"\n          class=\"b-gallery__thumbnail\"\n          loading=\"lazy\"\n          width=\"512\"\n          height=\"512\"\n          alt=\"1917_PridePark_KayHalir\"\/>\n      <\/figure>\n    <\/a>\n      <a\n      href=\"https:\/\/festival.praguepride.com\/app\/uploads\/2025\/08\/1913_PridePark_KayHalir-1920x0-c-default.jpg\"\n      data-barba-prevent>\n      <figure class=\"b-gallery__item\">\n        <img decoding=\"async\" srcset=\"https:\/\/festival.praguepride.com\/app\/uploads\/2025\/08\/1913_PridePark_KayHalir-220x220-c-default.jpg 220w, https:\/\/festival.praguepride.com\/app\/uploads\/2025\/08\/1913_PridePark_KayHalir-440x440-c-default.jpg 440w\" src=\"data:image\/gif;base64,R0lGODlhAQABAIAAAAAAAP\/\/\/yH5BAEAAAAALAAAAAABAAEAAAIBRAA7\"\n          class=\"b-gallery__thumbnail\"\n          loading=\"lazy\"\n          width=\"512\"\n          height=\"512\"\n          alt=\"1913_PridePark_KayHalir\"\/>\n      <\/figure>\n    <\/a>\n      <a\n      href=\"https:\/\/festival.praguepride.com\/app\/uploads\/2025\/08\/1900_PridePark_KayHalir-1920x0-c-default.jpg\"\n      data-barba-prevent>\n      <figure class=\"b-gallery__item\">\n        <img decoding=\"async\" srcset=\"https:\/\/festival.praguepride.com\/app\/uploads\/2025\/08\/1900_PridePark_KayHalir-220x220-c-default.jpg 220w, https:\/\/festival.praguepride.com\/app\/uploads\/2025\/08\/1900_PridePark_KayHalir-440x440-c-default.jpg 440w\" src=\"data:image\/gif;base64,R0lGODlhAQABAIAAAAAAAP\/\/\/yH5BAEAAAAALAAAAAABAAEAAAIBRAA7\"\n          class=\"b-gallery__thumbnail\"\n          loading=\"lazy\"\n          width=\"512\"\n          height=\"512\"\n          alt=\"1900_PridePark_KayHalir\"\/>\n      <\/figure>\n    <\/a>\n      <a\n      href=\"https:\/\/festival.praguepride.com\/app\/uploads\/2025\/08\/1859_PridePark_KayHalir-1920x0-c-default.jpg\"\n      data-barba-prevent>\n      <figure class=\"b-gallery__item\">\n        <img decoding=\"async\" srcset=\"https:\/\/festival.praguepride.com\/app\/uploads\/2025\/08\/1859_PridePark_KayHalir-220x220-c-default.jpg 220w, https:\/\/festival.praguepride.com\/app\/uploads\/2025\/08\/1859_PridePark_KayHalir-440x440-c-default.jpg 440w\" src=\"data:image\/gif;base64,R0lGODlhAQABAIAAAAAAAP\/\/\/yH5BAEAAAAALAAAAAABAAEAAAIBRAA7\"\n          class=\"b-gallery__thumbnail\"\n          loading=\"lazy\"\n          width=\"512\"\n          height=\"512\"\n          alt=\"1859_PridePark_KayHalir\"\/>\n      <\/figure>\n    <\/a>\n      <a\n      href=\"https:\/\/festival.praguepride.com\/app\/uploads\/2025\/08\/1708_PridePark_KayHalir-1920x0-c-default.jpg\"\n      data-barba-prevent>\n      <figure class=\"b-gallery__item\">\n        <img decoding=\"async\" srcset=\"https:\/\/festival.praguepride.com\/app\/uploads\/2025\/08\/1708_PridePark_KayHalir-220x220-c-default.jpg 220w, https:\/\/festival.praguepride.com\/app\/uploads\/2025\/08\/1708_PridePark_KayHalir-440x440-c-default.jpg 440w\" src=\"data:image\/gif;base64,R0lGODlhAQABAIAAAAAAAP\/\/\/yH5BAEAAAAALAAAAAABAAEAAAIBRAA7\"\n          class=\"b-gallery__thumbnail\"\n          loading=\"lazy\"\n          width=\"512\"\n          height=\"512\"\n          alt=\"1708_PridePark_KayHalir\"\/>\n      <\/figure>\n    <\/a>\n      <a\n      href=\"https:\/\/festival.praguepride.com\/app\/uploads\/2025\/08\/1705_PridePark_KayHalir-1920x0-c-default.jpg\"\n      data-barba-prevent>\n      <figure class=\"b-gallery__item\">\n        <img decoding=\"async\" srcset=\"https:\/\/festival.praguepride.com\/app\/uploads\/2025\/08\/1705_PridePark_KayHalir-220x220-c-default.jpg 220w, https:\/\/festival.praguepride.com\/app\/uploads\/2025\/08\/1705_PridePark_KayHalir-440x440-c-default.jpg 440w\" src=\"data:image\/gif;base64,R0lGODlhAQABAIAAAAAAAP\/\/\/yH5BAEAAAAALAAAAAABAAEAAAIBRAA7\"\n          class=\"b-gallery__thumbnail\"\n          loading=\"lazy\"\n          width=\"512\"\n          height=\"512\"\n          alt=\"1705_PridePark_KayHalir\"\/>\n      <\/figure>\n    <\/a>\n  <\/div>\n\n<\/div>\n","protected":false},"excerpt":{"rendered":"<p>Photo: J\u00e1n Benec Photo: Al\u017eb\u011bta Ivan\u010denkov\u00e1 Photo: Kay Hal\u00ed\u0159<\/p>\n","protected":false},"author":18,"featured_media":30607,"comment_status":"closed","ping_status":"closed","sticky":false,"template":"","format":"standard","meta":{"footnotes":""},"categories":[155],"tags":[],"class_list":["post-30918","post","type-post","status-publish","format-standard","has-post-thumbnail","hentry","category-photogallery-2025-saturday"],"acf":[],"yoast_head":"<!-- This site is optimized with the Yoast SEO plugin v27.3 - https:\/\/yoast.com\/product\/yoast-seo-wordpress\/ -->\n<title>Prague Pride Festival<\/title>\n<meta name=\"robots\" content=\"index, follow, max-snippet:-1, max-image-preview:large, max-video-preview:-1\" \/>\n<link rel=\"canonical\" href=\"https:\/\/festival.praguepride.com\/en\/red-stage-by-vodafone-pride-park\/\" \/>\n<meta property=\"og:locale\" content=\"en_US\" \/>\n<meta property=\"og:type\" content=\"article\" \/>\n<meta property=\"og:site_name\" content=\"Prague Pride Festival\" \/>\n<meta property=\"article:publisher\" content=\"https:\/\/www.facebook.com\/PraguePrideCZ\" \/>\n<meta property=\"article:published_time\" content=\"2025-08-07T10:04:02+00:00\" \/>\n<meta property=\"article:modified_time\" content=\"2025-08-07T10:47:34+00:00\" \/>\n<meta property=\"og:image\" content=\"https:\/\/festival.praguepride.com\/app\/uploads\/2025\/08\/2144_PridePark_KayHalir.jpg\" \/>\n\t<meta property=\"og:image:width\" content=\"2560\" \/>\n\t<meta property=\"og:image:height\" content=\"1707\" \/>\n\t<meta property=\"og:image:type\" content=\"image\/jpeg\" \/>\n<meta name=\"author\" content=\"Nicol Skvarova\" \/>\n<meta name=\"twitter:card\" content=\"summary_large_image\" \/>\n<meta name=\"twitter:creator\" content=\"@praguepride\" \/>\n<meta name=\"twitter:site\" content=\"@praguepride\" \/>\n<script type=\"application\/ld+json\" class=\"yoast-schema-graph\">{\"@context\":\"https:\\\/\\\/schema.org\",\"@graph\":[{\"@type\":\"Article\",\"@id\":\"https:\\\/\\\/festival.praguepride.com\\\/en\\\/red-stage-by-vodafone-pride-park\\\/#article\",\"isPartOf\":{\"@id\":\"https:\\\/\\\/festival.praguepride.com\\\/en\\\/red-stage-by-vodafone-pride-park\\\/\"},\"author\":{\"name\":\"Nicol Skvarova\",\"@id\":\"https:\\\/\\\/festival.praguepride.com\\\/en\\\/#\\\/schema\\\/person\\\/7409bed1bda2ee17666d9a6f55ad78e2\"},\"headline\":\"Red Stage by Vodafone (Pride Park)\",\"datePublished\":\"2025-08-07T10:04:02+00:00\",\"dateModified\":\"2025-08-07T10:47:34+00:00\",\"mainEntityOfPage\":{\"@id\":\"https:\\\/\\\/festival.praguepride.com\\\/en\\\/red-stage-by-vodafone-pride-park\\\/\"},\"wordCount\":19,\"publisher\":{\"@id\":\"https:\\\/\\\/festival.praguepride.com\\\/en\\\/#organization\"},\"image\":{\"@id\":\"https:\\\/\\\/festival.praguepride.com\\\/en\\\/red-stage-by-vodafone-pride-park\\\/#primaryimage\"},\"thumbnailUrl\":\"https:\\\/\\\/festival.praguepride.com\\\/app\\\/uploads\\\/2025\\\/08\\\/2144_PridePark_KayHalir.jpg\",\"articleSection\":[\"Photogallery 2025 \u2013 Saturday\"],\"inLanguage\":\"en-US\"},{\"@type\":\"WebPage\",\"@id\":\"https:\\\/\\\/festival.praguepride.com\\\/en\\\/red-stage-by-vodafone-pride-park\\\/\",\"url\":\"https:\\\/\\\/festival.praguepride.com\\\/en\\\/red-stage-by-vodafone-pride-park\\\/\",\"name\":\"Red Stage by Vodafone (Pride Park) | Prague Pride Festival\",\"isPartOf\":{\"@id\":\"https:\\\/\\\/festival.praguepride.com\\\/en\\\/#website\"},\"primaryImageOfPage\":{\"@id\":\"https:\\\/\\\/festival.praguepride.com\\\/en\\\/red-stage-by-vodafone-pride-park\\\/#primaryimage\"},\"image\":{\"@id\":\"https:\\\/\\\/festival.praguepride.com\\\/en\\\/red-stage-by-vodafone-pride-park\\\/#primaryimage\"},\"thumbnailUrl\":\"https:\\\/\\\/festival.praguepride.com\\\/app\\\/uploads\\\/2025\\\/08\\\/2144_PridePark_KayHalir.jpg\",\"datePublished\":\"2025-08-07T10:04:02+00:00\",\"dateModified\":\"2025-08-07T10:47:34+00:00\",\"description\":\"Prague Pride Festival 2025 in pictures.\",\"breadcrumb\":{\"@id\":\"https:\\\/\\\/festival.praguepride.com\\\/en\\\/red-stage-by-vodafone-pride-park\\\/#breadcrumb\"},\"inLanguage\":\"en-US\",\"potentialAction\":[{\"@type\":\"ReadAction\",\"target\":[\"https:\\\/\\\/festival.praguepride.com\\\/en\\\/red-stage-by-vodafone-pride-park\\\/\"]}]},{\"@type\":\"ImageObject\",\"inLanguage\":\"en-US\",\"@id\":\"https:\\\/\\\/festival.praguepride.com\\\/en\\\/red-stage-by-vodafone-pride-park\\\/#primaryimage\",\"url\":\"https:\\\/\\\/festival.praguepride.com\\\/app\\\/uploads\\\/2025\\\/08\\\/2144_PridePark_KayHalir.jpg\",\"contentUrl\":\"https:\\\/\\\/festival.praguepride.com\\\/app\\\/uploads\\\/2025\\\/08\\\/2144_PridePark_KayHalir.jpg\",\"width\":2560,\"height\":1707},{\"@type\":\"BreadcrumbList\",\"@id\":\"https:\\\/\\\/festival.praguepride.com\\\/en\\\/red-stage-by-vodafone-pride-park\\\/#breadcrumb\",\"itemListElement\":[{\"@type\":\"ListItem\",\"position\":1,\"name\":\"Home\",\"item\":\"https:\\\/\\\/festival.praguepride.com\\\/en\\\/\"},{\"@type\":\"ListItem\",\"position\":2,\"name\":\"Red Stage by Vodafone (Pride Park)\"}]},{\"@type\":\"WebSite\",\"@id\":\"https:\\\/\\\/festival.praguepride.com\\\/en\\\/#website\",\"url\":\"https:\\\/\\\/festival.praguepride.com\\\/en\\\/\",\"name\":\"Prague Pride Festival\",\"description\":\"3\\\/8 - 9\\\/8\\\/2026\",\"publisher\":{\"@id\":\"https:\\\/\\\/festival.praguepride.com\\\/en\\\/#organization\"},\"potentialAction\":[{\"@type\":\"SearchAction\",\"target\":{\"@type\":\"EntryPoint\",\"urlTemplate\":\"https:\\\/\\\/festival.praguepride.com\\\/en\\\/?s={search_term_string}\"},\"query-input\":{\"@type\":\"PropertyValueSpecification\",\"valueRequired\":true,\"valueName\":\"search_term_string\"}}],\"inLanguage\":\"en-US\"},{\"@type\":\"Organization\",\"@id\":\"https:\\\/\\\/festival.praguepride.com\\\/en\\\/#organization\",\"name\":\"Prague Pride Festival\",\"url\":\"https:\\\/\\\/festival.praguepride.com\\\/en\\\/\",\"logo\":{\"@type\":\"ImageObject\",\"inLanguage\":\"en-US\",\"@id\":\"https:\\\/\\\/festival.praguepride.com\\\/en\\\/#\\\/schema\\\/logo\\\/image\\\/\",\"url\":\"https:\\\/\\\/festival.praguepride.com\\\/app\\\/uploads\\\/2022\\\/06\\\/favicon.png\",\"contentUrl\":\"https:\\\/\\\/festival.praguepride.com\\\/app\\\/uploads\\\/2022\\\/06\\\/favicon.png\",\"width\":512,\"height\":512,\"caption\":\"Prague Pride Festival\"},\"image\":{\"@id\":\"https:\\\/\\\/festival.praguepride.com\\\/en\\\/#\\\/schema\\\/logo\\\/image\\\/\"},\"sameAs\":[\"https:\\\/\\\/www.facebook.com\\\/PraguePrideCZ\",\"https:\\\/\\\/x.com\\\/praguepride\",\"https:\\\/\\\/www.instagram.com\\\/prague.pride\\\/\",\"https:\\\/\\\/www.linkedin.com\\\/company\\\/prague-pride-o.s.\\\/\"]},{\"@type\":\"Person\",\"@id\":\"https:\\\/\\\/festival.praguepride.com\\\/en\\\/#\\\/schema\\\/person\\\/7409bed1bda2ee17666d9a6f55ad78e2\",\"name\":\"Nicol Skvarova\",\"image\":{\"@type\":\"ImageObject\",\"inLanguage\":\"en-US\",\"@id\":\"https:\\\/\\\/secure.gravatar.com\\\/avatar\\\/a128d8799aacedf699d7afb2bb97161dd0f6e8fad15036b1036dad041aeb4317?s=96&d=mm&r=g\",\"url\":\"https:\\\/\\\/secure.gravatar.com\\\/avatar\\\/a128d8799aacedf699d7afb2bb97161dd0f6e8fad15036b1036dad041aeb4317?s=96&d=mm&r=g\",\"contentUrl\":\"https:\\\/\\\/secure.gravatar.com\\\/avatar\\\/a128d8799aacedf699d7afb2bb97161dd0f6e8fad15036b1036dad041aeb4317?s=96&d=mm&r=g\",\"caption\":\"Nicol Skvarova\"}}]}<\/script>\n<!-- \/ Yoast SEO plugin. -->","yoast_head_json":{"title":"Prague Pride Festival","robots":{"index":"index","follow":"follow","max-snippet":"max-snippet:-1","max-image-preview":"max-image-preview:large","max-video-preview":"max-video-preview:-1"},"canonical":"https:\/\/festival.praguepride.com\/en\/red-stage-by-vodafone-pride-park\/","og_locale":"en_US","og_type":"article","og_site_name":"Prague Pride Festival","article_publisher":"https:\/\/www.facebook.com\/PraguePrideCZ","article_published_time":"2025-08-07T10:04:02+00:00","article_modified_time":"2025-08-07T10:47:34+00:00","og_image":[{"width":2560,"height":1707,"url":"https:\/\/festival.praguepride.com\/app\/uploads\/2025\/08\/2144_PridePark_KayHalir.jpg","type":"image\/jpeg"}],"author":"Nicol Skvarova","twitter_card":"summary_large_image","twitter_creator":"@praguepride","twitter_site":"@praguepride","schema":{"@context":"https:\/\/schema.org","@graph":[{"@type":"Article","@id":"https:\/\/festival.praguepride.com\/en\/red-stage-by-vodafone-pride-park\/#article","isPartOf":{"@id":"https:\/\/festival.praguepride.com\/en\/red-stage-by-vodafone-pride-park\/"},"author":{"name":"Nicol Skvarova","@id":"https:\/\/festival.praguepride.com\/en\/#\/schema\/person\/7409bed1bda2ee17666d9a6f55ad78e2"},"headline":"Red Stage by Vodafone (Pride Park)","datePublished":"2025-08-07T10:04:02+00:00","dateModified":"2025-08-07T10:47:34+00:00","mainEntityOfPage":{"@id":"https:\/\/festival.praguepride.com\/en\/red-stage-by-vodafone-pride-park\/"},"wordCount":19,"publisher":{"@id":"https:\/\/festival.praguepride.com\/en\/#organization"},"image":{"@id":"https:\/\/festival.praguepride.com\/en\/red-stage-by-vodafone-pride-park\/#primaryimage"},"thumbnailUrl":"https:\/\/festival.praguepride.com\/app\/uploads\/2025\/08\/2144_PridePark_KayHalir.jpg","articleSection":["Photogallery 2025 \u2013 Saturday"],"inLanguage":"en-US"},{"@type":"WebPage","@id":"https:\/\/festival.praguepride.com\/en\/red-stage-by-vodafone-pride-park\/","url":"https:\/\/festival.praguepride.com\/en\/red-stage-by-vodafone-pride-park\/","name":"Red Stage by Vodafone (Pride Park) | Prague Pride Festival","isPartOf":{"@id":"https:\/\/festival.praguepride.com\/en\/#website"},"primaryImageOfPage":{"@id":"https:\/\/festival.praguepride.com\/en\/red-stage-by-vodafone-pride-park\/#primaryimage"},"image":{"@id":"https:\/\/festival.praguepride.com\/en\/red-stage-by-vodafone-pride-park\/#primaryimage"},"thumbnailUrl":"https:\/\/festival.praguepride.com\/app\/uploads\/2025\/08\/2144_PridePark_KayHalir.jpg","datePublished":"2025-08-07T10:04:02+00:00","dateModified":"2025-08-07T10:47:34+00:00","description":"Prague Pride Festival 2025 in pictures.","breadcrumb":{"@id":"https:\/\/festival.praguepride.com\/en\/red-stage-by-vodafone-pride-park\/#breadcrumb"},"inLanguage":"en-US","potentialAction":[{"@type":"ReadAction","target":["https:\/\/festival.praguepride.com\/en\/red-stage-by-vodafone-pride-park\/"]}]},{"@type":"ImageObject","inLanguage":"en-US","@id":"https:\/\/festival.praguepride.com\/en\/red-stage-by-vodafone-pride-park\/#primaryimage","url":"https:\/\/festival.praguepride.com\/app\/uploads\/2025\/08\/2144_PridePark_KayHalir.jpg","contentUrl":"https:\/\/festival.praguepride.com\/app\/uploads\/2025\/08\/2144_PridePark_KayHalir.jpg","width":2560,"height":1707},{"@type":"BreadcrumbList","@id":"https:\/\/festival.praguepride.com\/en\/red-stage-by-vodafone-pride-park\/#breadcrumb","itemListElement":[{"@type":"ListItem","position":1,"name":"Home","item":"https:\/\/festival.praguepride.com\/en\/"},{"@type":"ListItem","position":2,"name":"Red Stage by Vodafone (Pride Park)"}]},{"@type":"WebSite","@id":"https:\/\/festival.praguepride.com\/en\/#website","url":"https:\/\/festival.praguepride.com\/en\/","name":"Prague Pride Festival","description":"3\/8 - 9\/8\/2026","publisher":{"@id":"https:\/\/festival.praguepride.com\/en\/#organization"},"potentialAction":[{"@type":"SearchAction","target":{"@type":"EntryPoint","urlTemplate":"https:\/\/festival.praguepride.com\/en\/?s={search_term_string}"},"query-input":{"@type":"PropertyValueSpecification","valueRequired":true,"valueName":"search_term_string"}}],"inLanguage":"en-US"},{"@type":"Organization","@id":"https:\/\/festival.praguepride.com\/en\/#organization","name":"Prague Pride Festival","url":"https:\/\/festival.praguepride.com\/en\/","logo":{"@type":"ImageObject","inLanguage":"en-US","@id":"https:\/\/festival.praguepride.com\/en\/#\/schema\/logo\/image\/","url":"https:\/\/festival.praguepride.com\/app\/uploads\/2022\/06\/favicon.png","contentUrl":"https:\/\/festival.praguepride.com\/app\/uploads\/2022\/06\/favicon.png","width":512,"height":512,"caption":"Prague Pride Festival"},"image":{"@id":"https:\/\/festival.praguepride.com\/en\/#\/schema\/logo\/image\/"},"sameAs":["https:\/\/www.facebook.com\/PraguePrideCZ","https:\/\/x.com\/praguepride","https:\/\/www.instagram.com\/prague.pride\/","https:\/\/www.linkedin.com\/company\/prague-pride-o.s.\/"]},{"@type":"Person","@id":"https:\/\/festival.praguepride.com\/en\/#\/schema\/person\/7409bed1bda2ee17666d9a6f55ad78e2","name":"Nicol Skvarova","image":{"@type":"ImageObject","inLanguage":"en-US","@id":"https:\/\/secure.gravatar.com\/avatar\/a128d8799aacedf699d7afb2bb97161dd0f6e8fad15036b1036dad041aeb4317?s=96&d=mm&r=g","url":"https:\/\/secure.gravatar.com\/avatar\/a128d8799aacedf699d7afb2bb97161dd0f6e8fad15036b1036dad041aeb4317?s=96&d=mm&r=g","contentUrl":"https:\/\/secure.gravatar.com\/avatar\/a128d8799aacedf699d7afb2bb97161dd0f6e8fad15036b1036dad041aeb4317?s=96&d=mm&r=g","caption":"Nicol Skvarova"}}]}},"_links":{"self":[{"href":"https:\/\/festival.praguepride.com\/en\/wp-json\/wp\/v2\/posts\/30918","targetHints":{"allow":["GET"]}}],"collection":[{"href":"https:\/\/festival.praguepride.com\/en\/wp-json\/wp\/v2\/posts"}],"about":[{"href":"https:\/\/festival.praguepride.com\/en\/wp-json\/wp\/v2\/types\/post"}],"author":[{"embeddable":true,"href":"https:\/\/festival.praguepride.com\/en\/wp-json\/wp\/v2\/users\/18"}],"replies":[{"embeddable":true,"href":"https:\/\/festival.praguepride.com\/en\/wp-json\/wp\/v2\/comments?post=30918"}],"version-history":[{"count":3,"href":"https:\/\/festival.praguepride.com\/en\/wp-json\/wp\/v2\/posts\/30918\/revisions"}],"predecessor-version":[{"id":30967,"href":"https:\/\/festival.praguepride.com\/en\/wp-json\/wp\/v2\/posts\/30918\/revisions\/30967"}],"wp:featuredmedia":[{"embeddable":true,"href":"https:\/\/festival.praguepride.com\/en\/wp-json\/wp\/v2\/media\/30607"}],"wp:attachment":[{"href":"https:\/\/festival.praguepride.com\/en\/wp-json\/wp\/v2\/media?parent=30918"}],"wp:term":[{"taxonomy":"category","embeddable":true,"href":"https:\/\/festival.praguepride.com\/en\/wp-json\/wp\/v2\/categories?post=30918"},{"taxonomy":"post_tag","embeddable":true,"href":"https:\/\/festival.praguepride.com\/en\/wp-json\/wp\/v2\/tags?post=30918"}],"curies":[{"name":"wp","href":"https:\/\/api.w.org\/{rel}","templated":true}]}}