{"id":28549,"date":"2025-07-29T13:39:30","date_gmt":"2025-07-29T11:39:30","guid":{"rendered":"https:\/\/festival.praguepride.com\/?p=28549"},"modified":"2025-07-29T14:10:12","modified_gmt":"2025-07-29T12:10:12","slug":"zahajeni-v-pride-village-welcome-home-alzbeta-ivancenkova","status":"publish","type":"post","link":"https:\/\/festival.praguepride.com\/en\/zahajeni-v-pride-village-welcome-home-alzbeta-ivancenkova\/","title":{"rendered":"Opening in Pride Village \u2013 Welcome home! (Al\u017eb\u011bta Ivan\u010denkov\u00e1)"},"content":{"rendered":"<div class=\"block\n  block--core-post-featured-image\n  block--align-none\n      \">\n  <figure class=\"wp-block-post-featured-image\"><img loading=\"lazy\" decoding=\"async\" width=\"1920\" height=\"1080\" src=\"https:\/\/festival.praguepride.com\/app\/uploads\/2025\/07\/Kopie-souboru-20_00_AIKO_Village_Alzbeta-Ivancenkova_10-1920x1080-c-default.jpg\" class=\"attachment-large_crop size-large_crop wp-post-image\" alt=\"\" style=\"object-fit:cover;\" \/><figcaption class=\"u-fs--200 u-pt--200\">Al\u017eb\u011bta Ivan\u010denkov\u00e1<\/figcaption><\/figure>\n<\/div>\n\n\n<div class=\"block\n  block--core-paragraph\n  block--align-none\n      \">\n  \n<p>Foto: Al\u017eb\u011bta Ivan\u010denkov\u00e1<\/p>\n\n<\/div>\n\n\n<div class=\"block\n  block--acf-gallery\n  block--align-none\n      \">\n  <div class=\"b-gallery js-gallery\">\n      <a\n      href=\"https:\/\/festival.praguepride.com\/app\/uploads\/2025\/07\/Kopie-souboru-MODERACE-Honza-Witek_Village_Alzbeta-Ivancenkova-2-1920x0-c-default.jpg\"\n      data-barba-prevent>\n      <figure class=\"b-gallery__item\">\n        <img decoding=\"async\" srcset=\"https:\/\/festival.praguepride.com\/app\/uploads\/2025\/07\/Kopie-souboru-MODERACE-Honza-Witek_Village_Alzbeta-Ivancenkova-2-220x220-c-default.jpg 220w, https:\/\/festival.praguepride.com\/app\/uploads\/2025\/07\/Kopie-souboru-MODERACE-Honza-Witek_Village_Alzbeta-Ivancenkova-2-440x440-c-default.jpg 440w\" src=\"data:image\/gif;base64,R0lGODlhAQABAIAAAAAAAP\/\/\/yH5BAEAAAAALAAAAAABAAEAAAIBRAA7\"\n          class=\"b-gallery__thumbnail\"\n          loading=\"lazy\"\n          width=\"512\"\n          height=\"512\"\n          alt=\"Kopie souboru MODERACE Honza Witek_Village_Alz\u030cbe\u030cta Ivanc\u030cenkova\u0301-2\"\/>\n      <\/figure>\n    <\/a>\n      <a\n      href=\"https:\/\/festival.praguepride.com\/app\/uploads\/2025\/07\/Kopie-souboru-MODERACE-Honza-Witek_Village_Alzbeta-Ivancenkova-6-1920x0-c-default.jpg\"\n      data-barba-prevent>\n      <figure class=\"b-gallery__item\">\n        <img decoding=\"async\" srcset=\"https:\/\/festival.praguepride.com\/app\/uploads\/2025\/07\/Kopie-souboru-MODERACE-Honza-Witek_Village_Alzbeta-Ivancenkova-6-220x220-c-default.jpg 220w, https:\/\/festival.praguepride.com\/app\/uploads\/2025\/07\/Kopie-souboru-MODERACE-Honza-Witek_Village_Alzbeta-Ivancenkova-6-440x440-c-default.jpg 440w\" src=\"data:image\/gif;base64,R0lGODlhAQABAIAAAAAAAP\/\/\/yH5BAEAAAAALAAAAAABAAEAAAIBRAA7\"\n          class=\"b-gallery__thumbnail\"\n          loading=\"lazy\"\n          width=\"512\"\n          height=\"512\"\n          alt=\"Kopie souboru MODERACE Honza Witek_Village_Alz\u030cbe\u030cta Ivanc\u030cenkova\u0301-6\"\/>\n      <\/figure>\n    <\/a>\n      <a\n      href=\"https:\/\/festival.praguepride.com\/app\/uploads\/2025\/07\/Kopie-souboru-ATMO_Village_Alzbeta-Ivancenkova-24-1920x0-c-default.jpg\"\n      data-barba-prevent>\n      <figure class=\"b-gallery__item\">\n        <img decoding=\"async\" srcset=\"https:\/\/festival.praguepride.com\/app\/uploads\/2025\/07\/Kopie-souboru-ATMO_Village_Alzbeta-Ivancenkova-24-220x220-c-default.jpg 220w, https:\/\/festival.praguepride.com\/app\/uploads\/2025\/07\/Kopie-souboru-ATMO_Village_Alzbeta-Ivancenkova-24-440x440-c-default.jpg 440w\" src=\"data:image\/gif;base64,R0lGODlhAQABAIAAAAAAAP\/\/\/yH5BAEAAAAALAAAAAABAAEAAAIBRAA7\"\n          class=\"b-gallery__thumbnail\"\n          loading=\"lazy\"\n          width=\"512\"\n          height=\"512\"\n          alt=\"Kopie souboru ATMO_Village_Alz\u030cbe\u030cta Ivanc\u030cenkova\u0301-24\"\/>\n      <\/figure>\n    <\/a>\n      <a\n      href=\"https:\/\/festival.praguepride.com\/app\/uploads\/2025\/07\/Kopie-souboru-ATMO_Village_Alzbeta-Ivancenkova-12-1920x0-c-default.jpg\"\n      data-barba-prevent>\n      <figure class=\"b-gallery__item\">\n        <img decoding=\"async\" srcset=\"https:\/\/festival.praguepride.com\/app\/uploads\/2025\/07\/Kopie-souboru-ATMO_Village_Alzbeta-Ivancenkova-12-220x220-c-default.jpg 220w, https:\/\/festival.praguepride.com\/app\/uploads\/2025\/07\/Kopie-souboru-ATMO_Village_Alzbeta-Ivancenkova-12-440x440-c-default.jpg 440w\" src=\"data:image\/gif;base64,R0lGODlhAQABAIAAAAAAAP\/\/\/yH5BAEAAAAALAAAAAABAAEAAAIBRAA7\"\n          class=\"b-gallery__thumbnail\"\n          loading=\"lazy\"\n          width=\"512\"\n          height=\"512\"\n          alt=\"Kopie souboru ATMO_Village_Alz\u030cbe\u030cta Ivanc\u030cenkova\u0301-12\"\/>\n      <\/figure>\n    <\/a>\n      <a\n      href=\"https:\/\/festival.praguepride.com\/app\/uploads\/2025\/07\/Kopie-souboru-ATMO_Village_Alzbeta-Ivancenkova-08-1920x0-c-default.jpg\"\n      data-barba-prevent>\n      <figure class=\"b-gallery__item\">\n        <img decoding=\"async\" srcset=\"https:\/\/festival.praguepride.com\/app\/uploads\/2025\/07\/Kopie-souboru-ATMO_Village_Alzbeta-Ivancenkova-08-220x220-c-default.jpg 220w, https:\/\/festival.praguepride.com\/app\/uploads\/2025\/07\/Kopie-souboru-ATMO_Village_Alzbeta-Ivancenkova-08-440x440-c-default.jpg 440w\" src=\"data:image\/gif;base64,R0lGODlhAQABAIAAAAAAAP\/\/\/yH5BAEAAAAALAAAAAABAAEAAAIBRAA7\"\n          class=\"b-gallery__thumbnail\"\n          loading=\"lazy\"\n          width=\"512\"\n          height=\"512\"\n          alt=\"Kopie souboru ATMO_Village_Alz\u030cbe\u030cta Ivanc\u030cenkova\u0301-08\"\/>\n      <\/figure>\n    <\/a>\n      <a\n      href=\"https:\/\/festival.praguepride.com\/app\/uploads\/2025\/07\/Kopie-souboru-20_00_AIKO_Village_Alzbeta-Ivancenkova_14-1920x0-c-default.jpg\"\n      data-barba-prevent>\n      <figure class=\"b-gallery__item\">\n        <img decoding=\"async\" srcset=\"https:\/\/festival.praguepride.com\/app\/uploads\/2025\/07\/Kopie-souboru-20_00_AIKO_Village_Alzbeta-Ivancenkova_14-220x220-c-default.jpg 220w, https:\/\/festival.praguepride.com\/app\/uploads\/2025\/07\/Kopie-souboru-20_00_AIKO_Village_Alzbeta-Ivancenkova_14-440x440-c-default.jpg 440w\" src=\"data:image\/gif;base64,R0lGODlhAQABAIAAAAAAAP\/\/\/yH5BAEAAAAALAAAAAABAAEAAAIBRAA7\"\n          class=\"b-gallery__thumbnail\"\n          loading=\"lazy\"\n          width=\"512\"\n          height=\"512\"\n          alt=\"Kopie souboru 20_00_AIKO_Village_Alz\u030cbe\u030cta Ivanc\u030cenkova\u0301_14\"\/>\n      <\/figure>\n    <\/a>\n      <a\n      href=\"https:\/\/festival.praguepride.com\/app\/uploads\/2025\/07\/Kopie-souboru-20_00_AIKO_Village_Alzbeta-Ivancenkova_10-1920x0-c-default.jpg\"\n      data-barba-prevent>\n      <figure class=\"b-gallery__item\">\n        <img decoding=\"async\" srcset=\"https:\/\/festival.praguepride.com\/app\/uploads\/2025\/07\/Kopie-souboru-20_00_AIKO_Village_Alzbeta-Ivancenkova_10-220x220-c-default.jpg 220w, https:\/\/festival.praguepride.com\/app\/uploads\/2025\/07\/Kopie-souboru-20_00_AIKO_Village_Alzbeta-Ivancenkova_10-440x440-c-default.jpg 440w\" src=\"data:image\/gif;base64,R0lGODlhAQABAIAAAAAAAP\/\/\/yH5BAEAAAAALAAAAAABAAEAAAIBRAA7\"\n          class=\"b-gallery__thumbnail\"\n          loading=\"lazy\"\n          width=\"512\"\n          height=\"512\"\n          alt=\"Kopie souboru 20_00_AIKO_Village_Alz\u030cbe\u030cta Ivanc\u030cenkova\u0301_10\"\/>\n      <\/figure>\n    <\/a>\n      <a\n      href=\"https:\/\/festival.praguepride.com\/app\/uploads\/2025\/07\/Kopie-souboru-20_00_AIKO_Village_Alzbeta-Ivancenkova_9-1920x0-c-default.jpg\"\n      data-barba-prevent>\n      <figure class=\"b-gallery__item\">\n        <img decoding=\"async\" srcset=\"https:\/\/festival.praguepride.com\/app\/uploads\/2025\/07\/Kopie-souboru-20_00_AIKO_Village_Alzbeta-Ivancenkova_9-220x220-c-default.jpg 220w, https:\/\/festival.praguepride.com\/app\/uploads\/2025\/07\/Kopie-souboru-20_00_AIKO_Village_Alzbeta-Ivancenkova_9-440x440-c-default.jpg 440w\" src=\"data:image\/gif;base64,R0lGODlhAQABAIAAAAAAAP\/\/\/yH5BAEAAAAALAAAAAABAAEAAAIBRAA7\"\n          class=\"b-gallery__thumbnail\"\n          loading=\"lazy\"\n          width=\"512\"\n          height=\"512\"\n          alt=\"Kopie souboru 20_00_AIKO_Village_Alz\u030cbe\u030cta Ivanc\u030cenkova\u0301_9\"\/>\n      <\/figure>\n    <\/a>\n      <a\n      href=\"https:\/\/festival.praguepride.com\/app\/uploads\/2025\/07\/Kopie-souboru-20_00_AIKO_Village_Alzbeta-Ivancenkova_5-1920x0-c-default.jpg\"\n      data-barba-prevent>\n      <figure class=\"b-gallery__item\">\n        <img decoding=\"async\" srcset=\"https:\/\/festival.praguepride.com\/app\/uploads\/2025\/07\/Kopie-souboru-20_00_AIKO_Village_Alzbeta-Ivancenkova_5-220x220-c-default.jpg 220w, https:\/\/festival.praguepride.com\/app\/uploads\/2025\/07\/Kopie-souboru-20_00_AIKO_Village_Alzbeta-Ivancenkova_5-440x440-c-default.jpg 440w\" src=\"data:image\/gif;base64,R0lGODlhAQABAIAAAAAAAP\/\/\/yH5BAEAAAAALAAAAAABAAEAAAIBRAA7\"\n          class=\"b-gallery__thumbnail\"\n          loading=\"lazy\"\n          width=\"512\"\n          height=\"512\"\n          alt=\"Kopie souboru 20_00_AIKO_Village_Alz\u030cbe\u030cta Ivanc\u030cenkova\u0301_5\"\/>\n      <\/figure>\n    <\/a>\n      <a\n      href=\"https:\/\/festival.praguepride.com\/app\/uploads\/2025\/07\/Kopie-souboru-20_00_AIKO_Village_Alzbeta-Ivancenkova_3-1920x0-c-default.jpg\"\n      data-barba-prevent>\n      <figure class=\"b-gallery__item\">\n        <img decoding=\"async\" srcset=\"https:\/\/festival.praguepride.com\/app\/uploads\/2025\/07\/Kopie-souboru-20_00_AIKO_Village_Alzbeta-Ivancenkova_3-220x220-c-default.jpg 220w, https:\/\/festival.praguepride.com\/app\/uploads\/2025\/07\/Kopie-souboru-20_00_AIKO_Village_Alzbeta-Ivancenkova_3-440x440-c-default.jpg 440w\" src=\"data:image\/gif;base64,R0lGODlhAQABAIAAAAAAAP\/\/\/yH5BAEAAAAALAAAAAABAAEAAAIBRAA7\"\n          class=\"b-gallery__thumbnail\"\n          loading=\"lazy\"\n          width=\"512\"\n          height=\"512\"\n          alt=\"Kopie souboru 20_00_AIKO_Village_Alz\u030cbe\u030cta Ivanc\u030cenkova\u0301_3\"\/>\n      <\/figure>\n    <\/a>\n      <a\n      href=\"https:\/\/festival.praguepride.com\/app\/uploads\/2025\/07\/Kopie-souboru-20_00_AIKO_Village_Alzbeta-Ivancenkova_2-1920x0-c-default.jpg\"\n      data-barba-prevent>\n      <figure class=\"b-gallery__item\">\n        <img decoding=\"async\" srcset=\"https:\/\/festival.praguepride.com\/app\/uploads\/2025\/07\/Kopie-souboru-20_00_AIKO_Village_Alzbeta-Ivancenkova_2-220x220-c-default.jpg 220w, https:\/\/festival.praguepride.com\/app\/uploads\/2025\/07\/Kopie-souboru-20_00_AIKO_Village_Alzbeta-Ivancenkova_2-440x440-c-default.jpg 440w\" src=\"data:image\/gif;base64,R0lGODlhAQABAIAAAAAAAP\/\/\/yH5BAEAAAAALAAAAAABAAEAAAIBRAA7\"\n          class=\"b-gallery__thumbnail\"\n          loading=\"lazy\"\n          width=\"512\"\n          height=\"512\"\n          alt=\"Kopie souboru 20_00_AIKO_Village_Alz\u030cbe\u030cta Ivanc\u030cenkova\u0301_2\"\/>\n      <\/figure>\n    <\/a>\n      <a\n      href=\"https:\/\/festival.praguepride.com\/app\/uploads\/2025\/07\/Kopie-souboru-18_40_Princip_Village_Alzbeta-Ivancenkova_13-1920x0-c-default.jpg\"\n      data-barba-prevent>\n      <figure class=\"b-gallery__item\">\n        <img decoding=\"async\" srcset=\"https:\/\/festival.praguepride.com\/app\/uploads\/2025\/07\/Kopie-souboru-18_40_Princip_Village_Alzbeta-Ivancenkova_13-220x220-c-default.jpg 220w, https:\/\/festival.praguepride.com\/app\/uploads\/2025\/07\/Kopie-souboru-18_40_Princip_Village_Alzbeta-Ivancenkova_13-440x440-c-default.jpg 440w\" src=\"data:image\/gif;base64,R0lGODlhAQABAIAAAAAAAP\/\/\/yH5BAEAAAAALAAAAAABAAEAAAIBRAA7\"\n          class=\"b-gallery__thumbnail\"\n          loading=\"lazy\"\n          width=\"512\"\n          height=\"512\"\n          alt=\"Kopie souboru 18_40_Princip_Village_Alz\u030cbe\u030cta Ivanc\u030cenkova\u0301_13\"\/>\n      <\/figure>\n    <\/a>\n      <a\n      href=\"https:\/\/festival.praguepride.com\/app\/uploads\/2025\/07\/Kopie-souboru-18_40_Princip_Village_Alzbeta-Ivancenkova_10-1920x0-c-default.jpg\"\n      data-barba-prevent>\n      <figure class=\"b-gallery__item\">\n        <img decoding=\"async\" srcset=\"https:\/\/festival.praguepride.com\/app\/uploads\/2025\/07\/Kopie-souboru-18_40_Princip_Village_Alzbeta-Ivancenkova_10-220x220-c-default.jpg 220w, https:\/\/festival.praguepride.com\/app\/uploads\/2025\/07\/Kopie-souboru-18_40_Princip_Village_Alzbeta-Ivancenkova_10-440x440-c-default.jpg 440w\" src=\"data:image\/gif;base64,R0lGODlhAQABAIAAAAAAAP\/\/\/yH5BAEAAAAALAAAAAABAAEAAAIBRAA7\"\n          class=\"b-gallery__thumbnail\"\n          loading=\"lazy\"\n          width=\"512\"\n          height=\"512\"\n          alt=\"Kopie souboru 18_40_Princip_Village_Alz\u030cbe\u030cta Ivanc\u030cenkova\u0301_10\"\/>\n      <\/figure>\n    <\/a>\n      <a\n      href=\"https:\/\/festival.praguepride.com\/app\/uploads\/2025\/07\/Kopie-souboru-18_40_Princip_Village_Alzbeta-Ivancenkova_9-1920x0-c-default.jpg\"\n      data-barba-prevent>\n      <figure class=\"b-gallery__item\">\n        <img decoding=\"async\" srcset=\"https:\/\/festival.praguepride.com\/app\/uploads\/2025\/07\/Kopie-souboru-18_40_Princip_Village_Alzbeta-Ivancenkova_9-220x220-c-default.jpg 220w, https:\/\/festival.praguepride.com\/app\/uploads\/2025\/07\/Kopie-souboru-18_40_Princip_Village_Alzbeta-Ivancenkova_9-440x440-c-default.jpg 440w\" src=\"data:image\/gif;base64,R0lGODlhAQABAIAAAAAAAP\/\/\/yH5BAEAAAAALAAAAAABAAEAAAIBRAA7\"\n          class=\"b-gallery__thumbnail\"\n          loading=\"lazy\"\n          width=\"512\"\n          height=\"512\"\n          alt=\"Kopie souboru 18_40_Princip_Village_Alz\u030cbe\u030cta Ivanc\u030cenkova\u0301_9\"\/>\n      <\/figure>\n    <\/a>\n      <a\n      href=\"https:\/\/festival.praguepride.com\/app\/uploads\/2025\/07\/Kopie-souboru-18_40_Princip_Village_Alzbeta-Ivancenkova_8-1920x0-c-default.jpg\"\n      data-barba-prevent>\n      <figure class=\"b-gallery__item\">\n        <img decoding=\"async\" srcset=\"https:\/\/festival.praguepride.com\/app\/uploads\/2025\/07\/Kopie-souboru-18_40_Princip_Village_Alzbeta-Ivancenkova_8-220x220-c-default.jpg 220w, https:\/\/festival.praguepride.com\/app\/uploads\/2025\/07\/Kopie-souboru-18_40_Princip_Village_Alzbeta-Ivancenkova_8-440x440-c-default.jpg 440w\" src=\"data:image\/gif;base64,R0lGODlhAQABAIAAAAAAAP\/\/\/yH5BAEAAAAALAAAAAABAAEAAAIBRAA7\"\n          class=\"b-gallery__thumbnail\"\n          loading=\"lazy\"\n          width=\"512\"\n          height=\"512\"\n          alt=\"Kopie souboru 18_40_Princip_Village_Alz\u030cbe\u030cta Ivanc\u030cenkova\u0301_8\"\/>\n      <\/figure>\n    <\/a>\n      <a\n      href=\"https:\/\/festival.praguepride.com\/app\/uploads\/2025\/07\/Kopie-souboru-18_40_Princip_Village_Alzbeta-Ivancenkova_4-1920x0-c-default.jpg\"\n      data-barba-prevent>\n      <figure class=\"b-gallery__item\">\n        <img decoding=\"async\" srcset=\"https:\/\/festival.praguepride.com\/app\/uploads\/2025\/07\/Kopie-souboru-18_40_Princip_Village_Alzbeta-Ivancenkova_4-220x220-c-default.jpg 220w, https:\/\/festival.praguepride.com\/app\/uploads\/2025\/07\/Kopie-souboru-18_40_Princip_Village_Alzbeta-Ivancenkova_4-440x440-c-default.jpg 440w\" src=\"data:image\/gif;base64,R0lGODlhAQABAIAAAAAAAP\/\/\/yH5BAEAAAAALAAAAAABAAEAAAIBRAA7\"\n          class=\"b-gallery__thumbnail\"\n          loading=\"lazy\"\n          width=\"512\"\n          height=\"512\"\n          alt=\"Kopie souboru 18_40_Princip_Village_Alz\u030cbe\u030cta Ivanc\u030cenkova\u0301_4\"\/>\n      <\/figure>\n    <\/a>\n      <a\n      href=\"https:\/\/festival.praguepride.com\/app\/uploads\/2025\/07\/Kopie-souboru-18_40_Princip_Village_Alzbeta-Ivancenkova_1-1920x0-c-default.jpg\"\n      data-barba-prevent>\n      <figure class=\"b-gallery__item\">\n        <img decoding=\"async\" srcset=\"https:\/\/festival.praguepride.com\/app\/uploads\/2025\/07\/Kopie-souboru-18_40_Princip_Village_Alzbeta-Ivancenkova_1-220x220-c-default.jpg 220w, https:\/\/festival.praguepride.com\/app\/uploads\/2025\/07\/Kopie-souboru-18_40_Princip_Village_Alzbeta-Ivancenkova_1-440x440-c-default.jpg 440w\" src=\"data:image\/gif;base64,R0lGODlhAQABAIAAAAAAAP\/\/\/yH5BAEAAAAALAAAAAABAAEAAAIBRAA7\"\n          class=\"b-gallery__thumbnail\"\n          loading=\"lazy\"\n          width=\"512\"\n          height=\"512\"\n          alt=\"Kopie souboru 18_40_Princip_Village_Alz\u030cbe\u030cta Ivanc\u030cenkova\u0301_1\"\/>\n      <\/figure>\n    <\/a>\n      <a\n      href=\"https:\/\/festival.praguepride.com\/app\/uploads\/2025\/07\/Kopie-souboru-17_00_NIKO-bra_Village_Alzbeta-Ivancenkova_3-1920x0-c-default.jpg\"\n      data-barba-prevent>\n      <figure class=\"b-gallery__item\">\n        <img decoding=\"async\" srcset=\"https:\/\/festival.praguepride.com\/app\/uploads\/2025\/07\/Kopie-souboru-17_00_NIKO-bra_Village_Alzbeta-Ivancenkova_3-220x220-c-default.jpg 220w, https:\/\/festival.praguepride.com\/app\/uploads\/2025\/07\/Kopie-souboru-17_00_NIKO-bra_Village_Alzbeta-Ivancenkova_3-440x440-c-default.jpg 440w\" src=\"data:image\/gif;base64,R0lGODlhAQABAIAAAAAAAP\/\/\/yH5BAEAAAAALAAAAAABAAEAAAIBRAA7\"\n          class=\"b-gallery__thumbnail\"\n          loading=\"lazy\"\n          width=\"512\"\n          height=\"512\"\n          alt=\"Kopie souboru 17_00_NIKO bra_Village_Alz\u030cbe\u030cta Ivanc\u030cenkova\u0301_3\"\/>\n      <\/figure>\n    <\/a>\n      <a\n      href=\"https:\/\/festival.praguepride.com\/app\/uploads\/2025\/07\/Kopie-souboru-17_00_NIKO-bra_Village_Alzbeta-Ivancenkova_3-1920x0-c-default.jpeg\"\n      data-barba-prevent>\n      <figure class=\"b-gallery__item\">\n        <img decoding=\"async\" srcset=\"https:\/\/festival.praguepride.com\/app\/uploads\/2025\/07\/Kopie-souboru-17_00_NIKO-bra_Village_Alzbeta-Ivancenkova_3-220x220-c-default.jpeg 220w, https:\/\/festival.praguepride.com\/app\/uploads\/2025\/07\/Kopie-souboru-17_00_NIKO-bra_Village_Alzbeta-Ivancenkova_3-440x440-c-default.jpeg 440w\" src=\"data:image\/gif;base64,R0lGODlhAQABAIAAAAAAAP\/\/\/yH5BAEAAAAALAAAAAABAAEAAAIBRAA7\"\n          class=\"b-gallery__thumbnail\"\n          loading=\"lazy\"\n          width=\"512\"\n          height=\"512\"\n          alt=\"Kopie souboru 17_00_NIKO bra_Village_Alz\u030cbe\u030cta Ivanc\u030cenkova\u0301_3\"\/>\n      <\/figure>\n    <\/a>\n      <a\n      href=\"https:\/\/festival.praguepride.com\/app\/uploads\/2025\/07\/Kopie-souboru-17_00_NIKO-bra_Village_Alzbeta-Ivancenkova_1-1920x0-c-default.jpg\"\n      data-barba-prevent>\n      <figure class=\"b-gallery__item\">\n        <img decoding=\"async\" srcset=\"https:\/\/festival.praguepride.com\/app\/uploads\/2025\/07\/Kopie-souboru-17_00_NIKO-bra_Village_Alzbeta-Ivancenkova_1-220x220-c-default.jpg 220w, https:\/\/festival.praguepride.com\/app\/uploads\/2025\/07\/Kopie-souboru-17_00_NIKO-bra_Village_Alzbeta-Ivancenkova_1-440x440-c-default.jpg 440w\" src=\"data:image\/gif;base64,R0lGODlhAQABAIAAAAAAAP\/\/\/yH5BAEAAAAALAAAAAABAAEAAAIBRAA7\"\n          class=\"b-gallery__thumbnail\"\n          loading=\"lazy\"\n          width=\"512\"\n          height=\"512\"\n          alt=\"Kopie souboru 17_00_NIKO bra_Village_Alz\u030cbe\u030cta Ivanc\u030cenkova\u0301_1\"\/>\n      <\/figure>\n    <\/a>\n  <\/div>\n\n<\/div>\n","protected":false},"excerpt":{"rendered":"<p>Foto: Al\u017eb\u011bta Ivan\u010denkov\u00e1<\/p>\n","protected":false},"author":18,"featured_media":28433,"comment_status":"closed","ping_status":"closed","sticky":false,"template":"","format":"standard","meta":{"footnotes":""},"categories":[140],"tags":[],"class_list":["post-28549","post","type-post","status-publish","format-standard","has-post-thumbnail","hentry","category-photogallery-2025-monday"],"acf":[],"yoast_head":"<!-- This site is optimized with the Yoast SEO plugin v27.3 - https:\/\/yoast.com\/product\/yoast-seo-wordpress\/ -->\n<title>Prague Pride Festival<\/title>\n<meta name=\"robots\" content=\"index, follow, max-snippet:-1, max-image-preview:large, max-video-preview:-1\" \/>\n<link rel=\"canonical\" href=\"https:\/\/festival.praguepride.com\/en\/zahajeni-v-pride-village-welcome-home-alzbeta-ivancenkova\/\" \/>\n<meta property=\"og:locale\" content=\"en_US\" \/>\n<meta property=\"og:type\" content=\"article\" \/>\n<meta property=\"og:site_name\" content=\"Prague Pride Festival\" \/>\n<meta property=\"article:publisher\" content=\"https:\/\/www.facebook.com\/PraguePrideCZ\" \/>\n<meta property=\"article:published_time\" content=\"2025-07-29T11:39:30+00:00\" \/>\n<meta property=\"article:modified_time\" content=\"2025-07-29T12:10:12+00:00\" \/>\n<meta property=\"og:image\" content=\"https:\/\/festival.praguepride.com\/app\/uploads\/2025\/07\/Kopie-souboru-20_00_AIKO_Village_Alzbeta-Ivancenkova_10.jpg\" \/>\n\t<meta property=\"og:image:width\" content=\"2048\" \/>\n\t<meta property=\"og:image:height\" content=\"1365\" \/>\n\t<meta property=\"og:image:type\" content=\"image\/jpeg\" \/>\n<meta name=\"author\" content=\"Nicol Skvarova\" \/>\n<meta name=\"twitter:card\" content=\"summary_large_image\" \/>\n<meta name=\"twitter:creator\" content=\"@praguepride\" \/>\n<meta name=\"twitter:site\" content=\"@praguepride\" \/>\n<script type=\"application\/ld+json\" class=\"yoast-schema-graph\">{\"@context\":\"https:\\\/\\\/schema.org\",\"@graph\":[{\"@type\":\"Article\",\"@id\":\"https:\\\/\\\/festival.praguepride.com\\\/en\\\/zahajeni-v-pride-village-welcome-home-alzbeta-ivancenkova\\\/#article\",\"isPartOf\":{\"@id\":\"https:\\\/\\\/festival.praguepride.com\\\/en\\\/zahajeni-v-pride-village-welcome-home-alzbeta-ivancenkova\\\/\"},\"author\":{\"name\":\"Nicol Skvarova\",\"@id\":\"https:\\\/\\\/festival.praguepride.com\\\/en\\\/#\\\/schema\\\/person\\\/7409bed1bda2ee17666d9a6f55ad78e2\"},\"headline\":\"Opening in Pride Village \u2013 Welcome home! (Al\u017eb\u011bta Ivan\u010denkov\u00e1)\",\"datePublished\":\"2025-07-29T11:39:30+00:00\",\"dateModified\":\"2025-07-29T12:10:12+00:00\",\"mainEntityOfPage\":{\"@id\":\"https:\\\/\\\/festival.praguepride.com\\\/en\\\/zahajeni-v-pride-village-welcome-home-alzbeta-ivancenkova\\\/\"},\"wordCount\":17,\"publisher\":{\"@id\":\"https:\\\/\\\/festival.praguepride.com\\\/en\\\/#organization\"},\"image\":{\"@id\":\"https:\\\/\\\/festival.praguepride.com\\\/en\\\/zahajeni-v-pride-village-welcome-home-alzbeta-ivancenkova\\\/#primaryimage\"},\"thumbnailUrl\":\"https:\\\/\\\/festival.praguepride.com\\\/app\\\/uploads\\\/2025\\\/07\\\/Kopie-souboru-20_00_AIKO_Village_Alzbeta-Ivancenkova_10.jpg\",\"articleSection\":[\"Photogallery 2025 \u2013 Monday\"],\"inLanguage\":\"en-US\"},{\"@type\":\"WebPage\",\"@id\":\"https:\\\/\\\/festival.praguepride.com\\\/en\\\/zahajeni-v-pride-village-welcome-home-alzbeta-ivancenkova\\\/\",\"url\":\"https:\\\/\\\/festival.praguepride.com\\\/en\\\/zahajeni-v-pride-village-welcome-home-alzbeta-ivancenkova\\\/\",\"name\":\"Opening in Pride Village \u2013 Welcome home! (Al\u017eb\u011bta Ivan\u010denkov\u00e1) | Prague Pride Festival\",\"isPartOf\":{\"@id\":\"https:\\\/\\\/festival.praguepride.com\\\/en\\\/#website\"},\"primaryImageOfPage\":{\"@id\":\"https:\\\/\\\/festival.praguepride.com\\\/en\\\/zahajeni-v-pride-village-welcome-home-alzbeta-ivancenkova\\\/#primaryimage\"},\"image\":{\"@id\":\"https:\\\/\\\/festival.praguepride.com\\\/en\\\/zahajeni-v-pride-village-welcome-home-alzbeta-ivancenkova\\\/#primaryimage\"},\"thumbnailUrl\":\"https:\\\/\\\/festival.praguepride.com\\\/app\\\/uploads\\\/2025\\\/07\\\/Kopie-souboru-20_00_AIKO_Village_Alzbeta-Ivancenkova_10.jpg\",\"datePublished\":\"2025-07-29T11:39:30+00:00\",\"dateModified\":\"2025-07-29T12:10:12+00:00\",\"description\":\"Prague Pride Festival 2025 in pictures.\",\"breadcrumb\":{\"@id\":\"https:\\\/\\\/festival.praguepride.com\\\/en\\\/zahajeni-v-pride-village-welcome-home-alzbeta-ivancenkova\\\/#breadcrumb\"},\"inLanguage\":\"en-US\",\"potentialAction\":[{\"@type\":\"ReadAction\",\"target\":[\"https:\\\/\\\/festival.praguepride.com\\\/en\\\/zahajeni-v-pride-village-welcome-home-alzbeta-ivancenkova\\\/\"]}]},{\"@type\":\"ImageObject\",\"inLanguage\":\"en-US\",\"@id\":\"https:\\\/\\\/festival.praguepride.com\\\/en\\\/zahajeni-v-pride-village-welcome-home-alzbeta-ivancenkova\\\/#primaryimage\",\"url\":\"https:\\\/\\\/festival.praguepride.com\\\/app\\\/uploads\\\/2025\\\/07\\\/Kopie-souboru-20_00_AIKO_Village_Alzbeta-Ivancenkova_10.jpg\",\"contentUrl\":\"https:\\\/\\\/festival.praguepride.com\\\/app\\\/uploads\\\/2025\\\/07\\\/Kopie-souboru-20_00_AIKO_Village_Alzbeta-Ivancenkova_10.jpg\",\"width\":2048,\"height\":1365,\"caption\":\"Al\u017eb\u011bta Ivan\u010denkov\u00e1\"},{\"@type\":\"BreadcrumbList\",\"@id\":\"https:\\\/\\\/festival.praguepride.com\\\/en\\\/zahajeni-v-pride-village-welcome-home-alzbeta-ivancenkova\\\/#breadcrumb\",\"itemListElement\":[{\"@type\":\"ListItem\",\"position\":1,\"name\":\"Home\",\"item\":\"https:\\\/\\\/festival.praguepride.com\\\/en\\\/\"},{\"@type\":\"ListItem\",\"position\":2,\"name\":\"Opening in Pride Village \u2013 Welcome home! (Al\u017eb\u011bta Ivan\u010denkov\u00e1)\"}]},{\"@type\":\"WebSite\",\"@id\":\"https:\\\/\\\/festival.praguepride.com\\\/en\\\/#website\",\"url\":\"https:\\\/\\\/festival.praguepride.com\\\/en\\\/\",\"name\":\"Prague Pride Festival\",\"description\":\"3\\\/8 - 9\\\/8\\\/2026\",\"publisher\":{\"@id\":\"https:\\\/\\\/festival.praguepride.com\\\/en\\\/#organization\"},\"potentialAction\":[{\"@type\":\"SearchAction\",\"target\":{\"@type\":\"EntryPoint\",\"urlTemplate\":\"https:\\\/\\\/festival.praguepride.com\\\/en\\\/?s={search_term_string}\"},\"query-input\":{\"@type\":\"PropertyValueSpecification\",\"valueRequired\":true,\"valueName\":\"search_term_string\"}}],\"inLanguage\":\"en-US\"},{\"@type\":\"Organization\",\"@id\":\"https:\\\/\\\/festival.praguepride.com\\\/en\\\/#organization\",\"name\":\"Prague Pride Festival\",\"url\":\"https:\\\/\\\/festival.praguepride.com\\\/en\\\/\",\"logo\":{\"@type\":\"ImageObject\",\"inLanguage\":\"en-US\",\"@id\":\"https:\\\/\\\/festival.praguepride.com\\\/en\\\/#\\\/schema\\\/logo\\\/image\\\/\",\"url\":\"https:\\\/\\\/festival.praguepride.com\\\/app\\\/uploads\\\/2022\\\/06\\\/favicon.png\",\"contentUrl\":\"https:\\\/\\\/festival.praguepride.com\\\/app\\\/uploads\\\/2022\\\/06\\\/favicon.png\",\"width\":512,\"height\":512,\"caption\":\"Prague Pride Festival\"},\"image\":{\"@id\":\"https:\\\/\\\/festival.praguepride.com\\\/en\\\/#\\\/schema\\\/logo\\\/image\\\/\"},\"sameAs\":[\"https:\\\/\\\/www.facebook.com\\\/PraguePrideCZ\",\"https:\\\/\\\/x.com\\\/praguepride\",\"https:\\\/\\\/www.instagram.com\\\/prague.pride\\\/\",\"https:\\\/\\\/www.linkedin.com\\\/company\\\/prague-pride-o.s.\\\/\"]},{\"@type\":\"Person\",\"@id\":\"https:\\\/\\\/festival.praguepride.com\\\/en\\\/#\\\/schema\\\/person\\\/7409bed1bda2ee17666d9a6f55ad78e2\",\"name\":\"Nicol Skvarova\",\"image\":{\"@type\":\"ImageObject\",\"inLanguage\":\"en-US\",\"@id\":\"https:\\\/\\\/secure.gravatar.com\\\/avatar\\\/a128d8799aacedf699d7afb2bb97161dd0f6e8fad15036b1036dad041aeb4317?s=96&d=mm&r=g\",\"url\":\"https:\\\/\\\/secure.gravatar.com\\\/avatar\\\/a128d8799aacedf699d7afb2bb97161dd0f6e8fad15036b1036dad041aeb4317?s=96&d=mm&r=g\",\"contentUrl\":\"https:\\\/\\\/secure.gravatar.com\\\/avatar\\\/a128d8799aacedf699d7afb2bb97161dd0f6e8fad15036b1036dad041aeb4317?s=96&d=mm&r=g\",\"caption\":\"Nicol Skvarova\"}}]}<\/script>\n<!-- \/ Yoast SEO plugin. -->","yoast_head_json":{"title":"Prague Pride Festival","robots":{"index":"index","follow":"follow","max-snippet":"max-snippet:-1","max-image-preview":"max-image-preview:large","max-video-preview":"max-video-preview:-1"},"canonical":"https:\/\/festival.praguepride.com\/en\/zahajeni-v-pride-village-welcome-home-alzbeta-ivancenkova\/","og_locale":"en_US","og_type":"article","og_site_name":"Prague Pride Festival","article_publisher":"https:\/\/www.facebook.com\/PraguePrideCZ","article_published_time":"2025-07-29T11:39:30+00:00","article_modified_time":"2025-07-29T12:10:12+00:00","og_image":[{"width":2048,"height":1365,"url":"https:\/\/festival.praguepride.com\/app\/uploads\/2025\/07\/Kopie-souboru-20_00_AIKO_Village_Alzbeta-Ivancenkova_10.jpg","type":"image\/jpeg"}],"author":"Nicol Skvarova","twitter_card":"summary_large_image","twitter_creator":"@praguepride","twitter_site":"@praguepride","schema":{"@context":"https:\/\/schema.org","@graph":[{"@type":"Article","@id":"https:\/\/festival.praguepride.com\/en\/zahajeni-v-pride-village-welcome-home-alzbeta-ivancenkova\/#article","isPartOf":{"@id":"https:\/\/festival.praguepride.com\/en\/zahajeni-v-pride-village-welcome-home-alzbeta-ivancenkova\/"},"author":{"name":"Nicol Skvarova","@id":"https:\/\/festival.praguepride.com\/en\/#\/schema\/person\/7409bed1bda2ee17666d9a6f55ad78e2"},"headline":"Opening in Pride Village \u2013 Welcome home! (Al\u017eb\u011bta Ivan\u010denkov\u00e1)","datePublished":"2025-07-29T11:39:30+00:00","dateModified":"2025-07-29T12:10:12+00:00","mainEntityOfPage":{"@id":"https:\/\/festival.praguepride.com\/en\/zahajeni-v-pride-village-welcome-home-alzbeta-ivancenkova\/"},"wordCount":17,"publisher":{"@id":"https:\/\/festival.praguepride.com\/en\/#organization"},"image":{"@id":"https:\/\/festival.praguepride.com\/en\/zahajeni-v-pride-village-welcome-home-alzbeta-ivancenkova\/#primaryimage"},"thumbnailUrl":"https:\/\/festival.praguepride.com\/app\/uploads\/2025\/07\/Kopie-souboru-20_00_AIKO_Village_Alzbeta-Ivancenkova_10.jpg","articleSection":["Photogallery 2025 \u2013 Monday"],"inLanguage":"en-US"},{"@type":"WebPage","@id":"https:\/\/festival.praguepride.com\/en\/zahajeni-v-pride-village-welcome-home-alzbeta-ivancenkova\/","url":"https:\/\/festival.praguepride.com\/en\/zahajeni-v-pride-village-welcome-home-alzbeta-ivancenkova\/","name":"Opening in Pride Village \u2013 Welcome home! (Al\u017eb\u011bta Ivan\u010denkov\u00e1) | Prague Pride Festival","isPartOf":{"@id":"https:\/\/festival.praguepride.com\/en\/#website"},"primaryImageOfPage":{"@id":"https:\/\/festival.praguepride.com\/en\/zahajeni-v-pride-village-welcome-home-alzbeta-ivancenkova\/#primaryimage"},"image":{"@id":"https:\/\/festival.praguepride.com\/en\/zahajeni-v-pride-village-welcome-home-alzbeta-ivancenkova\/#primaryimage"},"thumbnailUrl":"https:\/\/festival.praguepride.com\/app\/uploads\/2025\/07\/Kopie-souboru-20_00_AIKO_Village_Alzbeta-Ivancenkova_10.jpg","datePublished":"2025-07-29T11:39:30+00:00","dateModified":"2025-07-29T12:10:12+00:00","description":"Prague Pride Festival 2025 in pictures.","breadcrumb":{"@id":"https:\/\/festival.praguepride.com\/en\/zahajeni-v-pride-village-welcome-home-alzbeta-ivancenkova\/#breadcrumb"},"inLanguage":"en-US","potentialAction":[{"@type":"ReadAction","target":["https:\/\/festival.praguepride.com\/en\/zahajeni-v-pride-village-welcome-home-alzbeta-ivancenkova\/"]}]},{"@type":"ImageObject","inLanguage":"en-US","@id":"https:\/\/festival.praguepride.com\/en\/zahajeni-v-pride-village-welcome-home-alzbeta-ivancenkova\/#primaryimage","url":"https:\/\/festival.praguepride.com\/app\/uploads\/2025\/07\/Kopie-souboru-20_00_AIKO_Village_Alzbeta-Ivancenkova_10.jpg","contentUrl":"https:\/\/festival.praguepride.com\/app\/uploads\/2025\/07\/Kopie-souboru-20_00_AIKO_Village_Alzbeta-Ivancenkova_10.jpg","width":2048,"height":1365,"caption":"Al\u017eb\u011bta Ivan\u010denkov\u00e1"},{"@type":"BreadcrumbList","@id":"https:\/\/festival.praguepride.com\/en\/zahajeni-v-pride-village-welcome-home-alzbeta-ivancenkova\/#breadcrumb","itemListElement":[{"@type":"ListItem","position":1,"name":"Home","item":"https:\/\/festival.praguepride.com\/en\/"},{"@type":"ListItem","position":2,"name":"Opening in Pride Village \u2013 Welcome home! (Al\u017eb\u011bta Ivan\u010denkov\u00e1)"}]},{"@type":"WebSite","@id":"https:\/\/festival.praguepride.com\/en\/#website","url":"https:\/\/festival.praguepride.com\/en\/","name":"Prague Pride Festival","description":"3\/8 - 9\/8\/2026","publisher":{"@id":"https:\/\/festival.praguepride.com\/en\/#organization"},"potentialAction":[{"@type":"SearchAction","target":{"@type":"EntryPoint","urlTemplate":"https:\/\/festival.praguepride.com\/en\/?s={search_term_string}"},"query-input":{"@type":"PropertyValueSpecification","valueRequired":true,"valueName":"search_term_string"}}],"inLanguage":"en-US"},{"@type":"Organization","@id":"https:\/\/festival.praguepride.com\/en\/#organization","name":"Prague Pride Festival","url":"https:\/\/festival.praguepride.com\/en\/","logo":{"@type":"ImageObject","inLanguage":"en-US","@id":"https:\/\/festival.praguepride.com\/en\/#\/schema\/logo\/image\/","url":"https:\/\/festival.praguepride.com\/app\/uploads\/2022\/06\/favicon.png","contentUrl":"https:\/\/festival.praguepride.com\/app\/uploads\/2022\/06\/favicon.png","width":512,"height":512,"caption":"Prague Pride Festival"},"image":{"@id":"https:\/\/festival.praguepride.com\/en\/#\/schema\/logo\/image\/"},"sameAs":["https:\/\/www.facebook.com\/PraguePrideCZ","https:\/\/x.com\/praguepride","https:\/\/www.instagram.com\/prague.pride\/","https:\/\/www.linkedin.com\/company\/prague-pride-o.s.\/"]},{"@type":"Person","@id":"https:\/\/festival.praguepride.com\/en\/#\/schema\/person\/7409bed1bda2ee17666d9a6f55ad78e2","name":"Nicol Skvarova","image":{"@type":"ImageObject","inLanguage":"en-US","@id":"https:\/\/secure.gravatar.com\/avatar\/a128d8799aacedf699d7afb2bb97161dd0f6e8fad15036b1036dad041aeb4317?s=96&d=mm&r=g","url":"https:\/\/secure.gravatar.com\/avatar\/a128d8799aacedf699d7afb2bb97161dd0f6e8fad15036b1036dad041aeb4317?s=96&d=mm&r=g","contentUrl":"https:\/\/secure.gravatar.com\/avatar\/a128d8799aacedf699d7afb2bb97161dd0f6e8fad15036b1036dad041aeb4317?s=96&d=mm&r=g","caption":"Nicol Skvarova"}}]}},"_links":{"self":[{"href":"https:\/\/festival.praguepride.com\/en\/wp-json\/wp\/v2\/posts\/28549","targetHints":{"allow":["GET"]}}],"collection":[{"href":"https:\/\/festival.praguepride.com\/en\/wp-json\/wp\/v2\/posts"}],"about":[{"href":"https:\/\/festival.praguepride.com\/en\/wp-json\/wp\/v2\/types\/post"}],"author":[{"embeddable":true,"href":"https:\/\/festival.praguepride.com\/en\/wp-json\/wp\/v2\/users\/18"}],"replies":[{"embeddable":true,"href":"https:\/\/festival.praguepride.com\/en\/wp-json\/wp\/v2\/comments?post=28549"}],"version-history":[{"count":3,"href":"https:\/\/festival.praguepride.com\/en\/wp-json\/wp\/v2\/posts\/28549\/revisions"}],"predecessor-version":[{"id":28555,"href":"https:\/\/festival.praguepride.com\/en\/wp-json\/wp\/v2\/posts\/28549\/revisions\/28555"}],"wp:featuredmedia":[{"embeddable":true,"href":"https:\/\/festival.praguepride.com\/en\/wp-json\/wp\/v2\/media\/28433"}],"wp:attachment":[{"href":"https:\/\/festival.praguepride.com\/en\/wp-json\/wp\/v2\/media?parent=28549"}],"wp:term":[{"taxonomy":"category","embeddable":true,"href":"https:\/\/festival.praguepride.com\/en\/wp-json\/wp\/v2\/categories?post=28549"},{"taxonomy":"post_tag","embeddable":true,"href":"https:\/\/festival.praguepride.com\/en\/wp-json\/wp\/v2\/tags?post=28549"}],"curies":[{"name":"wp","href":"https:\/\/api.w.org\/{rel}","templated":true}]}}