{"id":24203,"date":"2024-08-10T20:00:00","date_gmt":"2024-08-10T18:00:00","guid":{"rendered":"https:\/\/festival.praguepride.com\/?p=24203"},"modified":"2024-08-15T08:43:21","modified_gmt":"2024-08-15T06:43:21","slug":"pride-park","status":"publish","type":"post","link":"https:\/\/festival.praguepride.com\/en\/pride-park\/","title":{"rendered":"Pride Park"},"content":{"rendered":"<div class=\"block\n  block--core-post-featured-image\n  block--align-none\n      \">\n  <figure class=\"wp-block-post-featured-image\"><img loading=\"lazy\" decoding=\"async\" width=\"1920\" height=\"1080\" src=\"https:\/\/festival.praguepride.com\/app\/uploads\/2024\/08\/NZ5_1086-1920x1080-c-default.jpg\" class=\"attachment-large_crop size-large_crop wp-post-image\" alt=\"\" style=\"object-fit:cover;\" \/><figcaption class=\"u-fs--200 u-pt--200\"><\/figcaption><\/figure>\n<\/div>\n\n\n<div class=\"block\n  block--core-paragraph\n  block--align-none\n    u-pb--400  \">\n  \n<p><strong>Photo by: Al\u017eb\u011bta Ivan\u010denkov\u00e1<\/strong><\/p>\n\n<\/div>\n\n\n<div class=\"block\n  block--acf-gallery\n  block--align-none\n  u-pt--400    \">\n  <div class=\"b-gallery js-gallery\">\n      <a\n      href=\"https:\/\/festival.praguepride.com\/app\/uploads\/2024\/08\/23-ORANGE-STAGE_AlzbetaIvancenko_142-1920x0-c-default.jpg\"\n      data-barba-prevent>\n      <figure class=\"b-gallery__item\">\n        <img decoding=\"async\" srcset=\"https:\/\/festival.praguepride.com\/app\/uploads\/2024\/08\/23-ORANGE-STAGE_AlzbetaIvancenko_142-220x220-c-default.jpg 220w, https:\/\/festival.praguepride.com\/app\/uploads\/2024\/08\/23-ORANGE-STAGE_AlzbetaIvancenko_142-440x440-c-default.jpg 440w\" src=\"data:image\/gif;base64,R0lGODlhAQABAIAAAAAAAP\/\/\/yH5BAEAAAAALAAAAAABAAEAAAIBRAA7\"\n          class=\"b-gallery__thumbnail\"\n          loading=\"lazy\"\n          width=\"512\"\n          height=\"512\"\n          alt=\"23-ORANGE STAGE_Alz\u030cbe\u030ctaIvanc\u030cenko_142\"\/>\n      <\/figure>\n    <\/a>\n      <a\n      href=\"https:\/\/festival.praguepride.com\/app\/uploads\/2024\/08\/22-ORANGE-STAGE_AlzbetaIvancenko_140-1920x0-c-default.jpg\"\n      data-barba-prevent>\n      <figure class=\"b-gallery__item\">\n        <img decoding=\"async\" srcset=\"https:\/\/festival.praguepride.com\/app\/uploads\/2024\/08\/22-ORANGE-STAGE_AlzbetaIvancenko_140-220x220-c-default.jpg 220w, https:\/\/festival.praguepride.com\/app\/uploads\/2024\/08\/22-ORANGE-STAGE_AlzbetaIvancenko_140-440x440-c-default.jpg 440w\" src=\"data:image\/gif;base64,R0lGODlhAQABAIAAAAAAAP\/\/\/yH5BAEAAAAALAAAAAABAAEAAAIBRAA7\"\n          class=\"b-gallery__thumbnail\"\n          loading=\"lazy\"\n          width=\"512\"\n          height=\"512\"\n          alt=\"22-ORANGE STAGE_Alz\u030cbe\u030ctaIvanc\u030cenko_140\"\/>\n      <\/figure>\n    <\/a>\n      <a\n      href=\"https:\/\/festival.praguepride.com\/app\/uploads\/2024\/08\/20-ORANGE-STAGE_AlzbetaIvancenko_100-1920x0-c-default.jpg\"\n      data-barba-prevent>\n      <figure class=\"b-gallery__item\">\n        <img decoding=\"async\" srcset=\"https:\/\/festival.praguepride.com\/app\/uploads\/2024\/08\/20-ORANGE-STAGE_AlzbetaIvancenko_100-220x220-c-default.jpg 220w, https:\/\/festival.praguepride.com\/app\/uploads\/2024\/08\/20-ORANGE-STAGE_AlzbetaIvancenko_100-440x440-c-default.jpg 440w\" src=\"data:image\/gif;base64,R0lGODlhAQABAIAAAAAAAP\/\/\/yH5BAEAAAAALAAAAAABAAEAAAIBRAA7\"\n          class=\"b-gallery__thumbnail\"\n          loading=\"lazy\"\n          width=\"512\"\n          height=\"512\"\n          alt=\"20-ORANGE STAGE_Alz\u030cbe\u030ctaIvanc\u030cenko_100\"\/>\n      <\/figure>\n    <\/a>\n      <a\n      href=\"https:\/\/festival.praguepride.com\/app\/uploads\/2024\/08\/17-ORANGE-STAGE_AlzbetaIvancenko_89-1920x0-c-default.jpg\"\n      data-barba-prevent>\n      <figure class=\"b-gallery__item\">\n        <img decoding=\"async\" srcset=\"https:\/\/festival.praguepride.com\/app\/uploads\/2024\/08\/17-ORANGE-STAGE_AlzbetaIvancenko_89-220x220-c-default.jpg 220w, https:\/\/festival.praguepride.com\/app\/uploads\/2024\/08\/17-ORANGE-STAGE_AlzbetaIvancenko_89-440x440-c-default.jpg 440w\" src=\"data:image\/gif;base64,R0lGODlhAQABAIAAAAAAAP\/\/\/yH5BAEAAAAALAAAAAABAAEAAAIBRAA7\"\n          class=\"b-gallery__thumbnail\"\n          loading=\"lazy\"\n          width=\"512\"\n          height=\"512\"\n          alt=\"17-ORANGE STAGE_Alz\u030cbe\u030ctaIvanc\u030cenko_89\"\/>\n      <\/figure>\n    <\/a>\n      <a\n      href=\"https:\/\/festival.praguepride.com\/app\/uploads\/2024\/08\/18-ORANGE-STAGE_AlzbetaIvancenko_97-1920x0-c-default.jpg\"\n      data-barba-prevent>\n      <figure class=\"b-gallery__item\">\n        <img decoding=\"async\" srcset=\"https:\/\/festival.praguepride.com\/app\/uploads\/2024\/08\/18-ORANGE-STAGE_AlzbetaIvancenko_97-220x220-c-default.jpg 220w, https:\/\/festival.praguepride.com\/app\/uploads\/2024\/08\/18-ORANGE-STAGE_AlzbetaIvancenko_97-440x440-c-default.jpg 440w\" src=\"data:image\/gif;base64,R0lGODlhAQABAIAAAAAAAP\/\/\/yH5BAEAAAAALAAAAAABAAEAAAIBRAA7\"\n          class=\"b-gallery__thumbnail\"\n          loading=\"lazy\"\n          width=\"512\"\n          height=\"512\"\n          alt=\"18-ORANGE STAGE_Alz\u030cbe\u030ctaIvanc\u030cenko_97\"\/>\n      <\/figure>\n    <\/a>\n      <a\n      href=\"https:\/\/festival.praguepride.com\/app\/uploads\/2024\/08\/21-ORANGE-STAGE_AlzbetaIvancenko_139-1920x0-c-default.jpg\"\n      data-barba-prevent>\n      <figure class=\"b-gallery__item\">\n        <img decoding=\"async\" srcset=\"https:\/\/festival.praguepride.com\/app\/uploads\/2024\/08\/21-ORANGE-STAGE_AlzbetaIvancenko_139-220x220-c-default.jpg 220w, https:\/\/festival.praguepride.com\/app\/uploads\/2024\/08\/21-ORANGE-STAGE_AlzbetaIvancenko_139-440x440-c-default.jpg 440w\" src=\"data:image\/gif;base64,R0lGODlhAQABAIAAAAAAAP\/\/\/yH5BAEAAAAALAAAAAABAAEAAAIBRAA7\"\n          class=\"b-gallery__thumbnail\"\n          loading=\"lazy\"\n          width=\"512\"\n          height=\"512\"\n          alt=\"21-ORANGE STAGE_Alz\u030cbe\u030ctaIvanc\u030cenko_139\"\/>\n      <\/figure>\n    <\/a>\n      <a\n      href=\"https:\/\/festival.praguepride.com\/app\/uploads\/2024\/08\/15-ORANGE-STAGE_AlzbetaIvancenko_69-1920x0-c-default.jpg\"\n      data-barba-prevent>\n      <figure class=\"b-gallery__item\">\n        <img decoding=\"async\" srcset=\"https:\/\/festival.praguepride.com\/app\/uploads\/2024\/08\/15-ORANGE-STAGE_AlzbetaIvancenko_69-220x220-c-default.jpg 220w, https:\/\/festival.praguepride.com\/app\/uploads\/2024\/08\/15-ORANGE-STAGE_AlzbetaIvancenko_69-440x440-c-default.jpg 440w\" src=\"data:image\/gif;base64,R0lGODlhAQABAIAAAAAAAP\/\/\/yH5BAEAAAAALAAAAAABAAEAAAIBRAA7\"\n          class=\"b-gallery__thumbnail\"\n          loading=\"lazy\"\n          width=\"512\"\n          height=\"512\"\n          alt=\"15-ORANGE STAGE_Alz\u030cbe\u030ctaIvanc\u030cenko_69\"\/>\n      <\/figure>\n    <\/a>\n      <a\n      href=\"https:\/\/festival.praguepride.com\/app\/uploads\/2024\/08\/14-ORANGE-STAGE_AlzbetaIvancenko_61-1920x0-c-default.jpg\"\n      data-barba-prevent>\n      <figure class=\"b-gallery__item\">\n        <img decoding=\"async\" srcset=\"https:\/\/festival.praguepride.com\/app\/uploads\/2024\/08\/14-ORANGE-STAGE_AlzbetaIvancenko_61-220x220-c-default.jpg 220w, https:\/\/festival.praguepride.com\/app\/uploads\/2024\/08\/14-ORANGE-STAGE_AlzbetaIvancenko_61-440x440-c-default.jpg 440w\" src=\"data:image\/gif;base64,R0lGODlhAQABAIAAAAAAAP\/\/\/yH5BAEAAAAALAAAAAABAAEAAAIBRAA7\"\n          class=\"b-gallery__thumbnail\"\n          loading=\"lazy\"\n          width=\"512\"\n          height=\"512\"\n          alt=\"14-ORANGE STAGE_Alz\u030cbe\u030ctaIvanc\u030cenko_61\"\/>\n      <\/figure>\n    <\/a>\n      <a\n      href=\"https:\/\/festival.praguepride.com\/app\/uploads\/2024\/08\/13-ORANGE-STAGE_AlzbetaIvancenko_55-1920x0-c-default.jpg\"\n      data-barba-prevent>\n      <figure class=\"b-gallery__item\">\n        <img decoding=\"async\" srcset=\"https:\/\/festival.praguepride.com\/app\/uploads\/2024\/08\/13-ORANGE-STAGE_AlzbetaIvancenko_55-220x220-c-default.jpg 220w, https:\/\/festival.praguepride.com\/app\/uploads\/2024\/08\/13-ORANGE-STAGE_AlzbetaIvancenko_55-440x440-c-default.jpg 440w\" src=\"data:image\/gif;base64,R0lGODlhAQABAIAAAAAAAP\/\/\/yH5BAEAAAAALAAAAAABAAEAAAIBRAA7\"\n          class=\"b-gallery__thumbnail\"\n          loading=\"lazy\"\n          width=\"512\"\n          height=\"512\"\n          alt=\"13-ORANGE STAGE_Alz\u030cbe\u030ctaIvanc\u030cenko_55\"\/>\n      <\/figure>\n    <\/a>\n      <a\n      href=\"https:\/\/festival.praguepride.com\/app\/uploads\/2024\/08\/12-ORANGE-STAGE_AlzbetaIvancenko_54-1920x0-c-default.jpg\"\n      data-barba-prevent>\n      <figure class=\"b-gallery__item\">\n        <img decoding=\"async\" srcset=\"https:\/\/festival.praguepride.com\/app\/uploads\/2024\/08\/12-ORANGE-STAGE_AlzbetaIvancenko_54-220x220-c-default.jpg 220w, https:\/\/festival.praguepride.com\/app\/uploads\/2024\/08\/12-ORANGE-STAGE_AlzbetaIvancenko_54-440x440-c-default.jpg 440w\" src=\"data:image\/gif;base64,R0lGODlhAQABAIAAAAAAAP\/\/\/yH5BAEAAAAALAAAAAABAAEAAAIBRAA7\"\n          class=\"b-gallery__thumbnail\"\n          loading=\"lazy\"\n          width=\"512\"\n          height=\"512\"\n          alt=\"12-ORANGE STAGE_Alz\u030cbe\u030ctaIvanc\u030cenko_54\"\/>\n      <\/figure>\n    <\/a>\n      <a\n      href=\"https:\/\/festival.praguepride.com\/app\/uploads\/2024\/08\/11-ORANGE-STAGE_AlzbetaIvancenko_53-1920x0-c-default.jpg\"\n      data-barba-prevent>\n      <figure class=\"b-gallery__item\">\n        <img decoding=\"async\" srcset=\"https:\/\/festival.praguepride.com\/app\/uploads\/2024\/08\/11-ORANGE-STAGE_AlzbetaIvancenko_53-220x220-c-default.jpg 220w, https:\/\/festival.praguepride.com\/app\/uploads\/2024\/08\/11-ORANGE-STAGE_AlzbetaIvancenko_53-440x440-c-default.jpg 440w\" src=\"data:image\/gif;base64,R0lGODlhAQABAIAAAAAAAP\/\/\/yH5BAEAAAAALAAAAAABAAEAAAIBRAA7\"\n          class=\"b-gallery__thumbnail\"\n          loading=\"lazy\"\n          width=\"512\"\n          height=\"512\"\n          alt=\"11-ORANGE STAGE_Alz\u030cbe\u030ctaIvanc\u030cenko_53\"\/>\n      <\/figure>\n    <\/a>\n      <a\n      href=\"https:\/\/festival.praguepride.com\/app\/uploads\/2024\/08\/19-ORANGE-STAGE_AlzbetaIvancenko_98-1920x0-c-default.jpg\"\n      data-barba-prevent>\n      <figure class=\"b-gallery__item\">\n        <img decoding=\"async\" srcset=\"https:\/\/festival.praguepride.com\/app\/uploads\/2024\/08\/19-ORANGE-STAGE_AlzbetaIvancenko_98-220x220-c-default.jpg 220w, https:\/\/festival.praguepride.com\/app\/uploads\/2024\/08\/19-ORANGE-STAGE_AlzbetaIvancenko_98-440x440-c-default.jpg 440w\" src=\"data:image\/gif;base64,R0lGODlhAQABAIAAAAAAAP\/\/\/yH5BAEAAAAALAAAAAABAAEAAAIBRAA7\"\n          class=\"b-gallery__thumbnail\"\n          loading=\"lazy\"\n          width=\"512\"\n          height=\"512\"\n          alt=\"19-ORANGE STAGE_Alz\u030cbe\u030ctaIvanc\u030cenko_98\"\/>\n      <\/figure>\n    <\/a>\n      <a\n      href=\"https:\/\/festival.praguepride.com\/app\/uploads\/2024\/08\/9-ORANGE-STAGE_AlzbetaIvancenko_51-1920x0-c-default.jpg\"\n      data-barba-prevent>\n      <figure class=\"b-gallery__item\">\n        <img decoding=\"async\" srcset=\"https:\/\/festival.praguepride.com\/app\/uploads\/2024\/08\/9-ORANGE-STAGE_AlzbetaIvancenko_51-220x220-c-default.jpg 220w, https:\/\/festival.praguepride.com\/app\/uploads\/2024\/08\/9-ORANGE-STAGE_AlzbetaIvancenko_51-440x440-c-default.jpg 440w\" src=\"data:image\/gif;base64,R0lGODlhAQABAIAAAAAAAP\/\/\/yH5BAEAAAAALAAAAAABAAEAAAIBRAA7\"\n          class=\"b-gallery__thumbnail\"\n          loading=\"lazy\"\n          width=\"512\"\n          height=\"512\"\n          alt=\"9-ORANGE STAGE_Alz\u030cbe\u030ctaIvanc\u030cenko_51\"\/>\n      <\/figure>\n    <\/a>\n      <a\n      href=\"https:\/\/festival.praguepride.com\/app\/uploads\/2024\/08\/8-ORANGE-STAGE_AlzbetaIvancenko_40-1920x0-c-default.jpg\"\n      data-barba-prevent>\n      <figure class=\"b-gallery__item\">\n        <img decoding=\"async\" srcset=\"https:\/\/festival.praguepride.com\/app\/uploads\/2024\/08\/8-ORANGE-STAGE_AlzbetaIvancenko_40-220x220-c-default.jpg 220w, https:\/\/festival.praguepride.com\/app\/uploads\/2024\/08\/8-ORANGE-STAGE_AlzbetaIvancenko_40-440x440-c-default.jpg 440w\" src=\"data:image\/gif;base64,R0lGODlhAQABAIAAAAAAAP\/\/\/yH5BAEAAAAALAAAAAABAAEAAAIBRAA7\"\n          class=\"b-gallery__thumbnail\"\n          loading=\"lazy\"\n          width=\"512\"\n          height=\"512\"\n          alt=\"8-ORANGE STAGE_Alz\u030cbe\u030ctaIvanc\u030cenko_40\"\/>\n      <\/figure>\n    <\/a>\n      <a\n      href=\"https:\/\/festival.praguepride.com\/app\/uploads\/2024\/08\/16-ORANGE-STAGE_AlzbetaIvancenko_71-1920x0-c-default.jpg\"\n      data-barba-prevent>\n      <figure class=\"b-gallery__item\">\n        <img decoding=\"async\" srcset=\"https:\/\/festival.praguepride.com\/app\/uploads\/2024\/08\/16-ORANGE-STAGE_AlzbetaIvancenko_71-220x220-c-default.jpg 220w, https:\/\/festival.praguepride.com\/app\/uploads\/2024\/08\/16-ORANGE-STAGE_AlzbetaIvancenko_71-440x440-c-default.jpg 440w\" src=\"data:image\/gif;base64,R0lGODlhAQABAIAAAAAAAP\/\/\/yH5BAEAAAAALAAAAAABAAEAAAIBRAA7\"\n          class=\"b-gallery__thumbnail\"\n          loading=\"lazy\"\n          width=\"512\"\n          height=\"512\"\n          alt=\"16-ORANGE STAGE_Alz\u030cbe\u030ctaIvanc\u030cenko_71\"\/>\n      <\/figure>\n    <\/a>\n      <a\n      href=\"https:\/\/festival.praguepride.com\/app\/uploads\/2024\/08\/1-PRIDE-PARADE_AlzbetaIvancenko_206-1920x0-c-default.jpg\"\n      data-barba-prevent>\n      <figure class=\"b-gallery__item\">\n        <img decoding=\"async\" srcset=\"https:\/\/festival.praguepride.com\/app\/uploads\/2024\/08\/1-PRIDE-PARADE_AlzbetaIvancenko_206-220x220-c-default.jpg 220w, https:\/\/festival.praguepride.com\/app\/uploads\/2024\/08\/1-PRIDE-PARADE_AlzbetaIvancenko_206-440x440-c-default.jpg 440w\" src=\"data:image\/gif;base64,R0lGODlhAQABAIAAAAAAAP\/\/\/yH5BAEAAAAALAAAAAABAAEAAAIBRAA7\"\n          class=\"b-gallery__thumbnail\"\n          loading=\"lazy\"\n          width=\"512\"\n          height=\"512\"\n          alt=\"1-PRIDE PARADE_AlzbetaIvancenko_206\"\/>\n      <\/figure>\n    <\/a>\n      <a\n      href=\"https:\/\/festival.praguepride.com\/app\/uploads\/2024\/08\/2-ORANGE-STAGE_AlzbetaIvancenko_1-1920x0-c-default.jpg\"\n      data-barba-prevent>\n      <figure class=\"b-gallery__item\">\n        <img decoding=\"async\" srcset=\"https:\/\/festival.praguepride.com\/app\/uploads\/2024\/08\/2-ORANGE-STAGE_AlzbetaIvancenko_1-220x220-c-default.jpg 220w, https:\/\/festival.praguepride.com\/app\/uploads\/2024\/08\/2-ORANGE-STAGE_AlzbetaIvancenko_1-440x440-c-default.jpg 440w\" src=\"data:image\/gif;base64,R0lGODlhAQABAIAAAAAAAP\/\/\/yH5BAEAAAAALAAAAAABAAEAAAIBRAA7\"\n          class=\"b-gallery__thumbnail\"\n          loading=\"lazy\"\n          width=\"512\"\n          height=\"512\"\n          alt=\"2-ORANGE STAGE_Alz\u030cbe\u030ctaIvanc\u030cenko_1\"\/>\n      <\/figure>\n    <\/a>\n      <a\n      href=\"https:\/\/festival.praguepride.com\/app\/uploads\/2024\/08\/3-ORANGE-STAGE_AlzbetaIvancenko_5-1920x0-c-default.jpg\"\n      data-barba-prevent>\n      <figure class=\"b-gallery__item\">\n        <img decoding=\"async\" srcset=\"https:\/\/festival.praguepride.com\/app\/uploads\/2024\/08\/3-ORANGE-STAGE_AlzbetaIvancenko_5-220x220-c-default.jpg 220w, https:\/\/festival.praguepride.com\/app\/uploads\/2024\/08\/3-ORANGE-STAGE_AlzbetaIvancenko_5-440x440-c-default.jpg 440w\" src=\"data:image\/gif;base64,R0lGODlhAQABAIAAAAAAAP\/\/\/yH5BAEAAAAALAAAAAABAAEAAAIBRAA7\"\n          class=\"b-gallery__thumbnail\"\n          loading=\"lazy\"\n          width=\"512\"\n          height=\"512\"\n          alt=\"3-ORANGE STAGE_Alz\u030cbe\u030ctaIvanc\u030cenko_5\"\/>\n      <\/figure>\n    <\/a>\n      <a\n      href=\"https:\/\/festival.praguepride.com\/app\/uploads\/2024\/08\/5-ORANGE-STAGE_AlzbetaIvancenko_14-1920x0-c-default.jpg\"\n      data-barba-prevent>\n      <figure class=\"b-gallery__item\">\n        <img decoding=\"async\" srcset=\"https:\/\/festival.praguepride.com\/app\/uploads\/2024\/08\/5-ORANGE-STAGE_AlzbetaIvancenko_14-220x220-c-default.jpg 220w, https:\/\/festival.praguepride.com\/app\/uploads\/2024\/08\/5-ORANGE-STAGE_AlzbetaIvancenko_14-440x440-c-default.jpg 440w\" src=\"data:image\/gif;base64,R0lGODlhAQABAIAAAAAAAP\/\/\/yH5BAEAAAAALAAAAAABAAEAAAIBRAA7\"\n          class=\"b-gallery__thumbnail\"\n          loading=\"lazy\"\n          width=\"512\"\n          height=\"512\"\n          alt=\"5-ORANGE STAGE_Alz\u030cbe\u030ctaIvanc\u030cenko_14\"\/>\n      <\/figure>\n    <\/a>\n      <a\n      href=\"https:\/\/festival.praguepride.com\/app\/uploads\/2024\/08\/6-ORANGE-STAGE_AlzbetaIvancenko_33-1920x0-c-default.jpg\"\n      data-barba-prevent>\n      <figure class=\"b-gallery__item\">\n        <img decoding=\"async\" srcset=\"https:\/\/festival.praguepride.com\/app\/uploads\/2024\/08\/6-ORANGE-STAGE_AlzbetaIvancenko_33-220x220-c-default.jpg 220w, https:\/\/festival.praguepride.com\/app\/uploads\/2024\/08\/6-ORANGE-STAGE_AlzbetaIvancenko_33-440x440-c-default.jpg 440w\" src=\"data:image\/gif;base64,R0lGODlhAQABAIAAAAAAAP\/\/\/yH5BAEAAAAALAAAAAABAAEAAAIBRAA7\"\n          class=\"b-gallery__thumbnail\"\n          loading=\"lazy\"\n          width=\"512\"\n          height=\"512\"\n          alt=\"6-ORANGE STAGE_Alz\u030cbe\u030ctaIvanc\u030cenko_33\"\/>\n      <\/figure>\n    <\/a>\n      <a\n      href=\"https:\/\/festival.praguepride.com\/app\/uploads\/2024\/08\/7-ORANGE-STAGE_AlzbetaIvancenko_36-1920x0-c-default.jpg\"\n      data-barba-prevent>\n      <figure class=\"b-gallery__item\">\n        <img decoding=\"async\" srcset=\"https:\/\/festival.praguepride.com\/app\/uploads\/2024\/08\/7-ORANGE-STAGE_AlzbetaIvancenko_36-220x220-c-default.jpg 220w, https:\/\/festival.praguepride.com\/app\/uploads\/2024\/08\/7-ORANGE-STAGE_AlzbetaIvancenko_36-440x440-c-default.jpg 440w\" src=\"data:image\/gif;base64,R0lGODlhAQABAIAAAAAAAP\/\/\/yH5BAEAAAAALAAAAAABAAEAAAIBRAA7\"\n          class=\"b-gallery__thumbnail\"\n          loading=\"lazy\"\n          width=\"512\"\n          height=\"512\"\n          alt=\"7-ORANGE STAGE_Alz\u030cbe\u030ctaIvanc\u030cenko_36\"\/>\n      <\/figure>\n    <\/a>\n  <\/div>\n\n<\/div>\n\n\n<div class=\"block\n  block--core-paragraph\n  block--align-none\n    u-pb--400  \">\n  \n<p><strong>Photo by: Oleksandra Khlyzina<\/strong><\/p>\n\n<\/div>\n\n\n<div class=\"block\n  block--acf-gallery\n  block--align-none\n  u-pt--400    \">\n  <div class=\"b-gallery js-gallery\">\n      <a\n      href=\"https:\/\/festival.praguepride.com\/app\/uploads\/2024\/08\/GreenStage_Oleksandra-Khlyzina-19-1920x0-c-default.jpg\"\n      data-barba-prevent>\n      <figure class=\"b-gallery__item\">\n        <img decoding=\"async\" srcset=\"https:\/\/festival.praguepride.com\/app\/uploads\/2024\/08\/GreenStage_Oleksandra-Khlyzina-19-220x220-c-default.jpg 220w, https:\/\/festival.praguepride.com\/app\/uploads\/2024\/08\/GreenStage_Oleksandra-Khlyzina-19-440x440-c-default.jpg 440w\" src=\"data:image\/gif;base64,R0lGODlhAQABAIAAAAAAAP\/\/\/yH5BAEAAAAALAAAAAABAAEAAAIBRAA7\"\n          class=\"b-gallery__thumbnail\"\n          loading=\"lazy\"\n          width=\"512\"\n          height=\"512\"\n          alt=\"GreenStage_Oleksandra Khlyzina (19)\"\/>\n      <\/figure>\n    <\/a>\n      <a\n      href=\"https:\/\/festival.praguepride.com\/app\/uploads\/2024\/08\/GreenStage_Oleksandra-Khlyzina-21-1920x0-c-default.jpg\"\n      data-barba-prevent>\n      <figure class=\"b-gallery__item\">\n        <img decoding=\"async\" srcset=\"https:\/\/festival.praguepride.com\/app\/uploads\/2024\/08\/GreenStage_Oleksandra-Khlyzina-21-220x220-c-default.jpg 220w, https:\/\/festival.praguepride.com\/app\/uploads\/2024\/08\/GreenStage_Oleksandra-Khlyzina-21-440x440-c-default.jpg 440w\" src=\"data:image\/gif;base64,R0lGODlhAQABAIAAAAAAAP\/\/\/yH5BAEAAAAALAAAAAABAAEAAAIBRAA7\"\n          class=\"b-gallery__thumbnail\"\n          loading=\"lazy\"\n          width=\"512\"\n          height=\"512\"\n          alt=\"GreenStage_Oleksandra Khlyzina (21)\"\/>\n      <\/figure>\n    <\/a>\n      <a\n      href=\"https:\/\/festival.praguepride.com\/app\/uploads\/2024\/08\/GreenStage_Oleksandra-Khlyzina-22-1920x0-c-default.jpg\"\n      data-barba-prevent>\n      <figure class=\"b-gallery__item\">\n        <img decoding=\"async\" srcset=\"https:\/\/festival.praguepride.com\/app\/uploads\/2024\/08\/GreenStage_Oleksandra-Khlyzina-22-220x220-c-default.jpg 220w, https:\/\/festival.praguepride.com\/app\/uploads\/2024\/08\/GreenStage_Oleksandra-Khlyzina-22-440x440-c-default.jpg 440w\" src=\"data:image\/gif;base64,R0lGODlhAQABAIAAAAAAAP\/\/\/yH5BAEAAAAALAAAAAABAAEAAAIBRAA7\"\n          class=\"b-gallery__thumbnail\"\n          loading=\"lazy\"\n          width=\"512\"\n          height=\"512\"\n          alt=\"GreenStage_Oleksandra Khlyzina (22)\"\/>\n      <\/figure>\n    <\/a>\n      <a\n      href=\"https:\/\/festival.praguepride.com\/app\/uploads\/2024\/08\/GreenStage_Oleksandra-Khlyzina-27-1920x0-c-default.jpg\"\n      data-barba-prevent>\n      <figure class=\"b-gallery__item\">\n        <img decoding=\"async\" srcset=\"https:\/\/festival.praguepride.com\/app\/uploads\/2024\/08\/GreenStage_Oleksandra-Khlyzina-27-220x220-c-default.jpg 220w, https:\/\/festival.praguepride.com\/app\/uploads\/2024\/08\/GreenStage_Oleksandra-Khlyzina-27-440x440-c-default.jpg 440w\" src=\"data:image\/gif;base64,R0lGODlhAQABAIAAAAAAAP\/\/\/yH5BAEAAAAALAAAAAABAAEAAAIBRAA7\"\n          class=\"b-gallery__thumbnail\"\n          loading=\"lazy\"\n          width=\"512\"\n          height=\"512\"\n          alt=\"GreenStage_Oleksandra Khlyzina (27)\"\/>\n      <\/figure>\n    <\/a>\n      <a\n      href=\"https:\/\/festival.praguepride.com\/app\/uploads\/2024\/08\/GreenStage_Oleksandra-Khlyzina-31-1920x0-c-default.jpg\"\n      data-barba-prevent>\n      <figure class=\"b-gallery__item\">\n        <img decoding=\"async\" srcset=\"https:\/\/festival.praguepride.com\/app\/uploads\/2024\/08\/GreenStage_Oleksandra-Khlyzina-31-220x220-c-default.jpg 220w, https:\/\/festival.praguepride.com\/app\/uploads\/2024\/08\/GreenStage_Oleksandra-Khlyzina-31-440x440-c-default.jpg 440w\" src=\"data:image\/gif;base64,R0lGODlhAQABAIAAAAAAAP\/\/\/yH5BAEAAAAALAAAAAABAAEAAAIBRAA7\"\n          class=\"b-gallery__thumbnail\"\n          loading=\"lazy\"\n          width=\"512\"\n          height=\"512\"\n          alt=\"GreenStage_Oleksandra Khlyzina (31)\"\/>\n      <\/figure>\n    <\/a>\n      <a\n      href=\"https:\/\/festival.praguepride.com\/app\/uploads\/2024\/08\/GreenStage_Oleksandra-Khlyzina-33-1920x0-c-default.jpg\"\n      data-barba-prevent>\n      <figure class=\"b-gallery__item\">\n        <img decoding=\"async\" srcset=\"https:\/\/festival.praguepride.com\/app\/uploads\/2024\/08\/GreenStage_Oleksandra-Khlyzina-33-220x220-c-default.jpg 220w, https:\/\/festival.praguepride.com\/app\/uploads\/2024\/08\/GreenStage_Oleksandra-Khlyzina-33-440x440-c-default.jpg 440w\" src=\"data:image\/gif;base64,R0lGODlhAQABAIAAAAAAAP\/\/\/yH5BAEAAAAALAAAAAABAAEAAAIBRAA7\"\n          class=\"b-gallery__thumbnail\"\n          loading=\"lazy\"\n          width=\"512\"\n          height=\"512\"\n          alt=\"GreenStage_Oleksandra Khlyzina (33)\"\/>\n      <\/figure>\n    <\/a>\n      <a\n      href=\"https:\/\/festival.praguepride.com\/app\/uploads\/2024\/08\/GreenStage_Oleksandra-Khlyzina-61-1920x0-c-default.jpg\"\n      data-barba-prevent>\n      <figure class=\"b-gallery__item\">\n        <img decoding=\"async\" srcset=\"https:\/\/festival.praguepride.com\/app\/uploads\/2024\/08\/GreenStage_Oleksandra-Khlyzina-61-220x220-c-default.jpg 220w, https:\/\/festival.praguepride.com\/app\/uploads\/2024\/08\/GreenStage_Oleksandra-Khlyzina-61-440x440-c-default.jpg 440w\" src=\"data:image\/gif;base64,R0lGODlhAQABAIAAAAAAAP\/\/\/yH5BAEAAAAALAAAAAABAAEAAAIBRAA7\"\n          class=\"b-gallery__thumbnail\"\n          loading=\"lazy\"\n          width=\"512\"\n          height=\"512\"\n          alt=\"GreenStage_Oleksandra Khlyzina (61)\"\/>\n      <\/figure>\n    <\/a>\n      <a\n      href=\"https:\/\/festival.praguepride.com\/app\/uploads\/2024\/08\/GreenStage_Oleksandra-Khlyzina-63-1920x0-c-default.jpg\"\n      data-barba-prevent>\n      <figure class=\"b-gallery__item\">\n        <img decoding=\"async\" srcset=\"https:\/\/festival.praguepride.com\/app\/uploads\/2024\/08\/GreenStage_Oleksandra-Khlyzina-63-220x220-c-default.jpg 220w, https:\/\/festival.praguepride.com\/app\/uploads\/2024\/08\/GreenStage_Oleksandra-Khlyzina-63-440x440-c-default.jpg 440w\" src=\"data:image\/gif;base64,R0lGODlhAQABAIAAAAAAAP\/\/\/yH5BAEAAAAALAAAAAABAAEAAAIBRAA7\"\n          class=\"b-gallery__thumbnail\"\n          loading=\"lazy\"\n          width=\"512\"\n          height=\"512\"\n          alt=\"GreenStage_Oleksandra Khlyzina (63)\"\/>\n      <\/figure>\n    <\/a>\n      <a\n      href=\"https:\/\/festival.praguepride.com\/app\/uploads\/2024\/08\/GreenStage_Oleksandra-Khlyzina-64-1920x0-c-default.jpg\"\n      data-barba-prevent>\n      <figure class=\"b-gallery__item\">\n        <img decoding=\"async\" srcset=\"https:\/\/festival.praguepride.com\/app\/uploads\/2024\/08\/GreenStage_Oleksandra-Khlyzina-64-220x220-c-default.jpg 220w, https:\/\/festival.praguepride.com\/app\/uploads\/2024\/08\/GreenStage_Oleksandra-Khlyzina-64-440x440-c-default.jpg 440w\" src=\"data:image\/gif;base64,R0lGODlhAQABAIAAAAAAAP\/\/\/yH5BAEAAAAALAAAAAABAAEAAAIBRAA7\"\n          class=\"b-gallery__thumbnail\"\n          loading=\"lazy\"\n          width=\"512\"\n          height=\"512\"\n          alt=\"GreenStage_Oleksandra Khlyzina (64)\"\/>\n      <\/figure>\n    <\/a>\n      <a\n      href=\"https:\/\/festival.praguepride.com\/app\/uploads\/2024\/08\/GreenStage_Oleksandra-Khlyzina-92-1920x0-c-default.jpg\"\n      data-barba-prevent>\n      <figure class=\"b-gallery__item\">\n        <img decoding=\"async\" srcset=\"https:\/\/festival.praguepride.com\/app\/uploads\/2024\/08\/GreenStage_Oleksandra-Khlyzina-92-220x220-c-default.jpg 220w, https:\/\/festival.praguepride.com\/app\/uploads\/2024\/08\/GreenStage_Oleksandra-Khlyzina-92-440x440-c-default.jpg 440w\" src=\"data:image\/gif;base64,R0lGODlhAQABAIAAAAAAAP\/\/\/yH5BAEAAAAALAAAAAABAAEAAAIBRAA7\"\n          class=\"b-gallery__thumbnail\"\n          loading=\"lazy\"\n          width=\"512\"\n          height=\"512\"\n          alt=\"GreenStage_Oleksandra Khlyzina (92)\"\/>\n      <\/figure>\n    <\/a>\n      <a\n      href=\"https:\/\/festival.praguepride.com\/app\/uploads\/2024\/08\/GreenStage_Oleksandra-Khlyzina-103-1920x0-c-default.jpg\"\n      data-barba-prevent>\n      <figure class=\"b-gallery__item\">\n        <img decoding=\"async\" srcset=\"https:\/\/festival.praguepride.com\/app\/uploads\/2024\/08\/GreenStage_Oleksandra-Khlyzina-103-220x220-c-default.jpg 220w, https:\/\/festival.praguepride.com\/app\/uploads\/2024\/08\/GreenStage_Oleksandra-Khlyzina-103-440x440-c-default.jpg 440w\" src=\"data:image\/gif;base64,R0lGODlhAQABAIAAAAAAAP\/\/\/yH5BAEAAAAALAAAAAABAAEAAAIBRAA7\"\n          class=\"b-gallery__thumbnail\"\n          loading=\"lazy\"\n          width=\"512\"\n          height=\"512\"\n          alt=\"GreenStage_Oleksandra Khlyzina (103)\"\/>\n      <\/figure>\n    <\/a>\n      <a\n      href=\"https:\/\/festival.praguepride.com\/app\/uploads\/2024\/08\/GreenStage_Oleksandra-Khlyzina-109-1920x0-c-default.jpg\"\n      data-barba-prevent>\n      <figure class=\"b-gallery__item\">\n        <img decoding=\"async\" srcset=\"https:\/\/festival.praguepride.com\/app\/uploads\/2024\/08\/GreenStage_Oleksandra-Khlyzina-109-220x220-c-default.jpg 220w, https:\/\/festival.praguepride.com\/app\/uploads\/2024\/08\/GreenStage_Oleksandra-Khlyzina-109-440x440-c-default.jpg 440w\" src=\"data:image\/gif;base64,R0lGODlhAQABAIAAAAAAAP\/\/\/yH5BAEAAAAALAAAAAABAAEAAAIBRAA7\"\n          class=\"b-gallery__thumbnail\"\n          loading=\"lazy\"\n          width=\"512\"\n          height=\"512\"\n          alt=\"GreenStage_Oleksandra Khlyzina (109)\"\/>\n      <\/figure>\n    <\/a>\n  <\/div>\n\n<\/div>\n\n\n<div class=\"block\n  block--core-paragraph\n  block--align-none\n    u-pb--400  \">\n  \n<p><strong>Photo by: Milan Mo\u0161na<\/strong><\/p>\n\n<\/div>\n\n\n<div class=\"block\n  block--acf-gallery\n  block--align-none\n  u-pt--400    \">\n  <div class=\"b-gallery js-gallery\">\n      <a\n      href=\"https:\/\/festival.praguepride.com\/app\/uploads\/2024\/08\/Mosna-01893-1920x0-c-default.jpg\"\n      data-barba-prevent>\n      <figure class=\"b-gallery__item\">\n        <img decoding=\"async\" srcset=\"https:\/\/festival.praguepride.com\/app\/uploads\/2024\/08\/Mosna-01893-220x220-c-default.jpg 220w, https:\/\/festival.praguepride.com\/app\/uploads\/2024\/08\/Mosna-01893-440x440-c-default.jpg 440w\" src=\"data:image\/gif;base64,R0lGODlhAQABAIAAAAAAAP\/\/\/yH5BAEAAAAALAAAAAABAAEAAAIBRAA7\"\n          class=\"b-gallery__thumbnail\"\n          loading=\"lazy\"\n          width=\"512\"\n          height=\"512\"\n          alt=\"Mosna-01893\"\/>\n      <\/figure>\n    <\/a>\n      <a\n      href=\"https:\/\/festival.praguepride.com\/app\/uploads\/2024\/08\/Mosna-02018-1920x0-c-default.jpg\"\n      data-barba-prevent>\n      <figure class=\"b-gallery__item\">\n        <img decoding=\"async\" srcset=\"https:\/\/festival.praguepride.com\/app\/uploads\/2024\/08\/Mosna-02018-220x220-c-default.jpg 220w, https:\/\/festival.praguepride.com\/app\/uploads\/2024\/08\/Mosna-02018-440x440-c-default.jpg 440w\" src=\"data:image\/gif;base64,R0lGODlhAQABAIAAAAAAAP\/\/\/yH5BAEAAAAALAAAAAABAAEAAAIBRAA7\"\n          class=\"b-gallery__thumbnail\"\n          loading=\"lazy\"\n          width=\"512\"\n          height=\"512\"\n          alt=\"Mosna-02018\"\/>\n      <\/figure>\n    <\/a>\n      <a\n      href=\"https:\/\/festival.praguepride.com\/app\/uploads\/2024\/08\/Mosna-02025-1920x0-c-default.jpg\"\n      data-barba-prevent>\n      <figure class=\"b-gallery__item\">\n        <img decoding=\"async\" srcset=\"https:\/\/festival.praguepride.com\/app\/uploads\/2024\/08\/Mosna-02025-220x220-c-default.jpg 220w, https:\/\/festival.praguepride.com\/app\/uploads\/2024\/08\/Mosna-02025-440x440-c-default.jpg 440w\" src=\"data:image\/gif;base64,R0lGODlhAQABAIAAAAAAAP\/\/\/yH5BAEAAAAALAAAAAABAAEAAAIBRAA7\"\n          class=\"b-gallery__thumbnail\"\n          loading=\"lazy\"\n          width=\"512\"\n          height=\"512\"\n          alt=\"Mosna-02025\"\/>\n      <\/figure>\n    <\/a>\n      <a\n      href=\"https:\/\/festival.praguepride.com\/app\/uploads\/2024\/08\/Mosna-02033-1920x0-c-default.jpg\"\n      data-barba-prevent>\n      <figure class=\"b-gallery__item\">\n        <img decoding=\"async\" srcset=\"https:\/\/festival.praguepride.com\/app\/uploads\/2024\/08\/Mosna-02033-220x220-c-default.jpg 220w, https:\/\/festival.praguepride.com\/app\/uploads\/2024\/08\/Mosna-02033-440x440-c-default.jpg 440w\" src=\"data:image\/gif;base64,R0lGODlhAQABAIAAAAAAAP\/\/\/yH5BAEAAAAALAAAAAABAAEAAAIBRAA7\"\n          class=\"b-gallery__thumbnail\"\n          loading=\"lazy\"\n          width=\"512\"\n          height=\"512\"\n          alt=\"Mosna-02033\"\/>\n      <\/figure>\n    <\/a>\n      <a\n      href=\"https:\/\/festival.praguepride.com\/app\/uploads\/2024\/08\/Mosna-02106-1920x0-c-default.jpg\"\n      data-barba-prevent>\n      <figure class=\"b-gallery__item\">\n        <img decoding=\"async\" srcset=\"https:\/\/festival.praguepride.com\/app\/uploads\/2024\/08\/Mosna-02106-220x220-c-default.jpg 220w, https:\/\/festival.praguepride.com\/app\/uploads\/2024\/08\/Mosna-02106-440x440-c-default.jpg 440w\" src=\"data:image\/gif;base64,R0lGODlhAQABAIAAAAAAAP\/\/\/yH5BAEAAAAALAAAAAABAAEAAAIBRAA7\"\n          class=\"b-gallery__thumbnail\"\n          loading=\"lazy\"\n          width=\"512\"\n          height=\"512\"\n          alt=\"Mosna-02106\"\/>\n      <\/figure>\n    <\/a>\n      <a\n      href=\"https:\/\/festival.praguepride.com\/app\/uploads\/2024\/08\/Mosna-02128-1920x0-c-default.jpg\"\n      data-barba-prevent>\n      <figure class=\"b-gallery__item\">\n        <img decoding=\"async\" srcset=\"https:\/\/festival.praguepride.com\/app\/uploads\/2024\/08\/Mosna-02128-220x220-c-default.jpg 220w, https:\/\/festival.praguepride.com\/app\/uploads\/2024\/08\/Mosna-02128-440x440-c-default.jpg 440w\" src=\"data:image\/gif;base64,R0lGODlhAQABAIAAAAAAAP\/\/\/yH5BAEAAAAALAAAAAABAAEAAAIBRAA7\"\n          class=\"b-gallery__thumbnail\"\n          loading=\"lazy\"\n          width=\"512\"\n          height=\"512\"\n          alt=\"Mosna-02128\"\/>\n      <\/figure>\n    <\/a>\n  <\/div>\n\n<\/div>\n\n\n<div class=\"block\n  block--core-paragraph\n  block--align-none\n    u-pb--400  \">\n  \n<p><strong>Photo by: Jana Kup\u010d\u00e1kov\u00e1<\/strong><\/p>\n\n<\/div>\n\n\n<div class=\"block\n  block--acf-gallery\n  block--align-none\n  u-pt--400    \">\n  <div class=\"b-gallery js-gallery\">\n      <a\n      href=\"https:\/\/festival.praguepride.com\/app\/uploads\/2024\/08\/NZ5_1086-1920x0-c-default.jpg\"\n      data-barba-prevent>\n      <figure class=\"b-gallery__item\">\n        <img decoding=\"async\" srcset=\"https:\/\/festival.praguepride.com\/app\/uploads\/2024\/08\/NZ5_1086-220x220-c-default.jpg 220w, https:\/\/festival.praguepride.com\/app\/uploads\/2024\/08\/NZ5_1086-440x440-c-default.jpg 440w\" src=\"data:image\/gif;base64,R0lGODlhAQABAIAAAAAAAP\/\/\/yH5BAEAAAAALAAAAAABAAEAAAIBRAA7\"\n          class=\"b-gallery__thumbnail\"\n          loading=\"lazy\"\n          width=\"512\"\n          height=\"512\"\n          alt=\"NZ5_1086\"\/>\n      <\/figure>\n    <\/a>\n      <a\n      href=\"https:\/\/festival.praguepride.com\/app\/uploads\/2024\/08\/NZ5_1089-1920x0-c-default.jpg\"\n      data-barba-prevent>\n      <figure class=\"b-gallery__item\">\n        <img decoding=\"async\" srcset=\"https:\/\/festival.praguepride.com\/app\/uploads\/2024\/08\/NZ5_1089-220x220-c-default.jpg 220w, https:\/\/festival.praguepride.com\/app\/uploads\/2024\/08\/NZ5_1089-440x440-c-default.jpg 440w\" src=\"data:image\/gif;base64,R0lGODlhAQABAIAAAAAAAP\/\/\/yH5BAEAAAAALAAAAAABAAEAAAIBRAA7\"\n          class=\"b-gallery__thumbnail\"\n          loading=\"lazy\"\n          width=\"512\"\n          height=\"512\"\n          alt=\"NZ5_1089\"\/>\n      <\/figure>\n    <\/a>\n      <a\n      href=\"https:\/\/festival.praguepride.com\/app\/uploads\/2024\/08\/NZ5_1094-1920x0-c-default.jpg\"\n      data-barba-prevent>\n      <figure class=\"b-gallery__item\">\n        <img decoding=\"async\" srcset=\"https:\/\/festival.praguepride.com\/app\/uploads\/2024\/08\/NZ5_1094-220x220-c-default.jpg 220w, https:\/\/festival.praguepride.com\/app\/uploads\/2024\/08\/NZ5_1094-440x440-c-default.jpg 440w\" src=\"data:image\/gif;base64,R0lGODlhAQABAIAAAAAAAP\/\/\/yH5BAEAAAAALAAAAAABAAEAAAIBRAA7\"\n          class=\"b-gallery__thumbnail\"\n          loading=\"lazy\"\n          width=\"512\"\n          height=\"512\"\n          alt=\"NZ5_1094\"\/>\n      <\/figure>\n    <\/a>\n      <a\n      href=\"https:\/\/festival.praguepride.com\/app\/uploads\/2024\/08\/NZ5_1099-1920x0-c-default.jpg\"\n      data-barba-prevent>\n      <figure class=\"b-gallery__item\">\n        <img decoding=\"async\" srcset=\"https:\/\/festival.praguepride.com\/app\/uploads\/2024\/08\/NZ5_1099-220x220-c-default.jpg 220w, https:\/\/festival.praguepride.com\/app\/uploads\/2024\/08\/NZ5_1099-440x440-c-default.jpg 440w\" src=\"data:image\/gif;base64,R0lGODlhAQABAIAAAAAAAP\/\/\/yH5BAEAAAAALAAAAAABAAEAAAIBRAA7\"\n          class=\"b-gallery__thumbnail\"\n          loading=\"lazy\"\n          width=\"512\"\n          height=\"512\"\n          alt=\"NZ5_1099\"\/>\n      <\/figure>\n    <\/a>\n      <a\n      href=\"https:\/\/festival.praguepride.com\/app\/uploads\/2024\/08\/NZ5_1101-1920x0-c-default.jpg\"\n      data-barba-prevent>\n      <figure class=\"b-gallery__item\">\n        <img decoding=\"async\" srcset=\"https:\/\/festival.praguepride.com\/app\/uploads\/2024\/08\/NZ5_1101-220x220-c-default.jpg 220w, https:\/\/festival.praguepride.com\/app\/uploads\/2024\/08\/NZ5_1101-440x440-c-default.jpg 440w\" src=\"data:image\/gif;base64,R0lGODlhAQABAIAAAAAAAP\/\/\/yH5BAEAAAAALAAAAAABAAEAAAIBRAA7\"\n          class=\"b-gallery__thumbnail\"\n          loading=\"lazy\"\n          width=\"512\"\n          height=\"512\"\n          alt=\"NZ5_1101\"\/>\n      <\/figure>\n    <\/a>\n  <\/div>\n\n<\/div>\n\n\n<div class=\"block\n  block--core-paragraph\n  block--align-none\n    u-pb--400  \">\n  \n<p><strong>Photo by: L\u00e9toslav Chromek<\/strong><\/p>\n\n<\/div>\n\n\n<div class=\"block\n  block--acf-gallery\n  block--align-none\n  u-pt--400    \">\n  <div class=\"b-gallery js-gallery\">\n      <a\n      href=\"https:\/\/festival.praguepride.com\/app\/uploads\/2024\/08\/ParadePark_LetoslavChromek-8-1920x0-c-default.jpg\"\n      data-barba-prevent>\n      <figure class=\"b-gallery__item\">\n        <img decoding=\"async\" srcset=\"https:\/\/festival.praguepride.com\/app\/uploads\/2024\/08\/ParadePark_LetoslavChromek-8-220x220-c-default.jpg 220w, https:\/\/festival.praguepride.com\/app\/uploads\/2024\/08\/ParadePark_LetoslavChromek-8-440x440-c-default.jpg 440w\" src=\"data:image\/gif;base64,R0lGODlhAQABAIAAAAAAAP\/\/\/yH5BAEAAAAALAAAAAABAAEAAAIBRAA7\"\n          class=\"b-gallery__thumbnail\"\n          loading=\"lazy\"\n          width=\"512\"\n          height=\"512\"\n          alt=\"Parade+Park_Le\u0301toslavChromek (8)\"\/>\n      <\/figure>\n    <\/a>\n      <a\n      href=\"https:\/\/festival.praguepride.com\/app\/uploads\/2024\/08\/ParadePark_LetoslavChromek-9-1920x0-c-default.jpg\"\n      data-barba-prevent>\n      <figure class=\"b-gallery__item\">\n        <img decoding=\"async\" srcset=\"https:\/\/festival.praguepride.com\/app\/uploads\/2024\/08\/ParadePark_LetoslavChromek-9-220x220-c-default.jpg 220w, https:\/\/festival.praguepride.com\/app\/uploads\/2024\/08\/ParadePark_LetoslavChromek-9-440x440-c-default.jpg 440w\" src=\"data:image\/gif;base64,R0lGODlhAQABAIAAAAAAAP\/\/\/yH5BAEAAAAALAAAAAABAAEAAAIBRAA7\"\n          class=\"b-gallery__thumbnail\"\n          loading=\"lazy\"\n          width=\"512\"\n          height=\"512\"\n          alt=\"Parade+Park_Le\u0301toslavChromek (9)\"\/>\n      <\/figure>\n    <\/a>\n      <a\n      href=\"https:\/\/festival.praguepride.com\/app\/uploads\/2024\/08\/ParadePark_LetoslavChromek-10-1920x0-c-default.jpg\"\n      data-barba-prevent>\n      <figure class=\"b-gallery__item\">\n        <img decoding=\"async\" srcset=\"https:\/\/festival.praguepride.com\/app\/uploads\/2024\/08\/ParadePark_LetoslavChromek-10-220x220-c-default.jpg 220w, https:\/\/festival.praguepride.com\/app\/uploads\/2024\/08\/ParadePark_LetoslavChromek-10-440x440-c-default.jpg 440w\" src=\"data:image\/gif;base64,R0lGODlhAQABAIAAAAAAAP\/\/\/yH5BAEAAAAALAAAAAABAAEAAAIBRAA7\"\n          class=\"b-gallery__thumbnail\"\n          loading=\"lazy\"\n          width=\"512\"\n          height=\"512\"\n          alt=\"Parade+Park_Le\u0301toslavChromek (10)\"\/>\n      <\/figure>\n    <\/a>\n      <a\n      href=\"https:\/\/festival.praguepride.com\/app\/uploads\/2024\/08\/ParadePark_LetoslavChromek-11-1920x0-c-default.jpg\"\n      data-barba-prevent>\n      <figure class=\"b-gallery__item\">\n        <img decoding=\"async\" srcset=\"https:\/\/festival.praguepride.com\/app\/uploads\/2024\/08\/ParadePark_LetoslavChromek-11-220x220-c-default.jpg 220w, https:\/\/festival.praguepride.com\/app\/uploads\/2024\/08\/ParadePark_LetoslavChromek-11-440x440-c-default.jpg 440w\" src=\"data:image\/gif;base64,R0lGODlhAQABAIAAAAAAAP\/\/\/yH5BAEAAAAALAAAAAABAAEAAAIBRAA7\"\n          class=\"b-gallery__thumbnail\"\n          loading=\"lazy\"\n          width=\"512\"\n          height=\"512\"\n          alt=\"Parade+Park_Le\u0301toslavChromek (11)\"\/>\n      <\/figure>\n    <\/a>\n      <a\n      href=\"https:\/\/festival.praguepride.com\/app\/uploads\/2024\/08\/ParadePark_LetoslavChromek-16-1920x0-c-default.jpg\"\n      data-barba-prevent>\n      <figure class=\"b-gallery__item\">\n        <img decoding=\"async\" srcset=\"https:\/\/festival.praguepride.com\/app\/uploads\/2024\/08\/ParadePark_LetoslavChromek-16-220x220-c-default.jpg 220w, https:\/\/festival.praguepride.com\/app\/uploads\/2024\/08\/ParadePark_LetoslavChromek-16-440x440-c-default.jpg 440w\" src=\"data:image\/gif;base64,R0lGODlhAQABAIAAAAAAAP\/\/\/yH5BAEAAAAALAAAAAABAAEAAAIBRAA7\"\n          class=\"b-gallery__thumbnail\"\n          loading=\"lazy\"\n          width=\"512\"\n          height=\"512\"\n          alt=\"Parade+Park_Le\u0301toslavChromek (16)\"\/>\n      <\/figure>\n    <\/a>\n      <a\n      href=\"https:\/\/festival.praguepride.com\/app\/uploads\/2024\/08\/ParadePark_LetoslavChromek-17-1920x0-c-default.jpg\"\n      data-barba-prevent>\n      <figure class=\"b-gallery__item\">\n        <img decoding=\"async\" srcset=\"https:\/\/festival.praguepride.com\/app\/uploads\/2024\/08\/ParadePark_LetoslavChromek-17-220x220-c-default.jpg 220w, https:\/\/festival.praguepride.com\/app\/uploads\/2024\/08\/ParadePark_LetoslavChromek-17-440x440-c-default.jpg 440w\" src=\"data:image\/gif;base64,R0lGODlhAQABAIAAAAAAAP\/\/\/yH5BAEAAAAALAAAAAABAAEAAAIBRAA7\"\n          class=\"b-gallery__thumbnail\"\n          loading=\"lazy\"\n          width=\"512\"\n          height=\"512\"\n          alt=\"Parade+Park_Le\u0301toslavChromek (17)\"\/>\n      <\/figure>\n    <\/a>\n      <a\n      href=\"https:\/\/festival.praguepride.com\/app\/uploads\/2024\/08\/ParadePark_LetoslavChromek-18-1920x0-c-default.jpg\"\n      data-barba-prevent>\n      <figure class=\"b-gallery__item\">\n        <img decoding=\"async\" srcset=\"https:\/\/festival.praguepride.com\/app\/uploads\/2024\/08\/ParadePark_LetoslavChromek-18-220x220-c-default.jpg 220w, https:\/\/festival.praguepride.com\/app\/uploads\/2024\/08\/ParadePark_LetoslavChromek-18-440x440-c-default.jpg 440w\" src=\"data:image\/gif;base64,R0lGODlhAQABAIAAAAAAAP\/\/\/yH5BAEAAAAALAAAAAABAAEAAAIBRAA7\"\n          class=\"b-gallery__thumbnail\"\n          loading=\"lazy\"\n          width=\"512\"\n          height=\"512\"\n          alt=\"Parade+Park_Le\u0301toslavChromek (18)\"\/>\n      <\/figure>\n    <\/a>\n      <a\n      href=\"https:\/\/festival.praguepride.com\/app\/uploads\/2024\/08\/ParadePark_LetoslavChromek-19-1920x0-c-default.jpg\"\n      data-barba-prevent>\n      <figure class=\"b-gallery__item\">\n        <img decoding=\"async\" srcset=\"https:\/\/festival.praguepride.com\/app\/uploads\/2024\/08\/ParadePark_LetoslavChromek-19-220x220-c-default.jpg 220w, https:\/\/festival.praguepride.com\/app\/uploads\/2024\/08\/ParadePark_LetoslavChromek-19-440x440-c-default.jpg 440w\" src=\"data:image\/gif;base64,R0lGODlhAQABAIAAAAAAAP\/\/\/yH5BAEAAAAALAAAAAABAAEAAAIBRAA7\"\n          class=\"b-gallery__thumbnail\"\n          loading=\"lazy\"\n          width=\"512\"\n          height=\"512\"\n          alt=\"Parade+Park_Le\u0301toslavChromek (19)\"\/>\n      <\/figure>\n    <\/a>\n      <a\n      href=\"https:\/\/festival.praguepride.com\/app\/uploads\/2024\/08\/ParadePark_LetoslavChromek-20-1920x0-c-default.jpg\"\n      data-barba-prevent>\n      <figure class=\"b-gallery__item\">\n        <img decoding=\"async\" srcset=\"https:\/\/festival.praguepride.com\/app\/uploads\/2024\/08\/ParadePark_LetoslavChromek-20-220x220-c-default.jpg 220w, https:\/\/festival.praguepride.com\/app\/uploads\/2024\/08\/ParadePark_LetoslavChromek-20-440x440-c-default.jpg 440w\" src=\"data:image\/gif;base64,R0lGODlhAQABAIAAAAAAAP\/\/\/yH5BAEAAAAALAAAAAABAAEAAAIBRAA7\"\n          class=\"b-gallery__thumbnail\"\n          loading=\"lazy\"\n          width=\"512\"\n          height=\"512\"\n          alt=\"Parade+Park_Le\u0301toslavChromek (20)\"\/>\n      <\/figure>\n    <\/a>\n      <a\n      href=\"https:\/\/festival.praguepride.com\/app\/uploads\/2024\/08\/ParadePark_LetoslavChromek-22-1920x0-c-default.jpg\"\n      data-barba-prevent>\n      <figure class=\"b-gallery__item\">\n        <img decoding=\"async\" srcset=\"https:\/\/festival.praguepride.com\/app\/uploads\/2024\/08\/ParadePark_LetoslavChromek-22-220x220-c-default.jpg 220w, https:\/\/festival.praguepride.com\/app\/uploads\/2024\/08\/ParadePark_LetoslavChromek-22-440x440-c-default.jpg 440w\" src=\"data:image\/gif;base64,R0lGODlhAQABAIAAAAAAAP\/\/\/yH5BAEAAAAALAAAAAABAAEAAAIBRAA7\"\n          class=\"b-gallery__thumbnail\"\n          loading=\"lazy\"\n          width=\"512\"\n          height=\"512\"\n          alt=\"Parade+Park_Le\u0301toslavChromek (22)\"\/>\n      <\/figure>\n    <\/a>\n      <a\n      href=\"https:\/\/festival.praguepride.com\/app\/uploads\/2024\/08\/ParadePark_LetoslavChromek-23-1920x0-c-default.jpg\"\n      data-barba-prevent>\n      <figure class=\"b-gallery__item\">\n        <img decoding=\"async\" srcset=\"https:\/\/festival.praguepride.com\/app\/uploads\/2024\/08\/ParadePark_LetoslavChromek-23-220x220-c-default.jpg 220w, https:\/\/festival.praguepride.com\/app\/uploads\/2024\/08\/ParadePark_LetoslavChromek-23-440x440-c-default.jpg 440w\" src=\"data:image\/gif;base64,R0lGODlhAQABAIAAAAAAAP\/\/\/yH5BAEAAAAALAAAAAABAAEAAAIBRAA7\"\n          class=\"b-gallery__thumbnail\"\n          loading=\"lazy\"\n          width=\"512\"\n          height=\"512\"\n          alt=\"Parade+Park_Le\u0301toslavChromek (23)\"\/>\n      <\/figure>\n    <\/a>\n      <a\n      href=\"https:\/\/festival.praguepride.com\/app\/uploads\/2024\/08\/ParadePark_LetoslavChromek-24-1920x0-c-default.jpg\"\n      data-barba-prevent>\n      <figure class=\"b-gallery__item\">\n        <img decoding=\"async\" srcset=\"https:\/\/festival.praguepride.com\/app\/uploads\/2024\/08\/ParadePark_LetoslavChromek-24-220x220-c-default.jpg 220w, https:\/\/festival.praguepride.com\/app\/uploads\/2024\/08\/ParadePark_LetoslavChromek-24-440x440-c-default.jpg 440w\" src=\"data:image\/gif;base64,R0lGODlhAQABAIAAAAAAAP\/\/\/yH5BAEAAAAALAAAAAABAAEAAAIBRAA7\"\n          class=\"b-gallery__thumbnail\"\n          loading=\"lazy\"\n          width=\"512\"\n          height=\"512\"\n          alt=\"Parade+Park_Le\u0301toslavChromek (24)\"\/>\n      <\/figure>\n    <\/a>\n      <a\n      href=\"https:\/\/festival.praguepride.com\/app\/uploads\/2024\/08\/ParadePark_LetoslavChromek-25-1920x0-c-default.jpg\"\n      data-barba-prevent>\n      <figure class=\"b-gallery__item\">\n        <img decoding=\"async\" srcset=\"https:\/\/festival.praguepride.com\/app\/uploads\/2024\/08\/ParadePark_LetoslavChromek-25-220x220-c-default.jpg 220w, https:\/\/festival.praguepride.com\/app\/uploads\/2024\/08\/ParadePark_LetoslavChromek-25-440x440-c-default.jpg 440w\" src=\"data:image\/gif;base64,R0lGODlhAQABAIAAAAAAAP\/\/\/yH5BAEAAAAALAAAAAABAAEAAAIBRAA7\"\n          class=\"b-gallery__thumbnail\"\n          loading=\"lazy\"\n          width=\"512\"\n          height=\"512\"\n          alt=\"Parade+Park_Le\u0301toslavChromek (25)\"\/>\n      <\/figure>\n    <\/a>\n      <a\n      href=\"https:\/\/festival.praguepride.com\/app\/uploads\/2024\/08\/ParadePark_LetoslavChromek-26-1920x0-c-default.jpg\"\n      data-barba-prevent>\n      <figure class=\"b-gallery__item\">\n        <img decoding=\"async\" srcset=\"https:\/\/festival.praguepride.com\/app\/uploads\/2024\/08\/ParadePark_LetoslavChromek-26-220x220-c-default.jpg 220w, https:\/\/festival.praguepride.com\/app\/uploads\/2024\/08\/ParadePark_LetoslavChromek-26-440x440-c-default.jpg 440w\" src=\"data:image\/gif;base64,R0lGODlhAQABAIAAAAAAAP\/\/\/yH5BAEAAAAALAAAAAABAAEAAAIBRAA7\"\n          class=\"b-gallery__thumbnail\"\n          loading=\"lazy\"\n          width=\"512\"\n          height=\"512\"\n          alt=\"Parade+Park_Le\u0301toslavChromek (26)\"\/>\n      <\/figure>\n    <\/a>\n      <a\n      href=\"https:\/\/festival.praguepride.com\/app\/uploads\/2024\/08\/ParadePark_LetoslavChromek-27-1920x0-c-default.jpg\"\n      data-barba-prevent>\n      <figure class=\"b-gallery__item\">\n        <img decoding=\"async\" srcset=\"https:\/\/festival.praguepride.com\/app\/uploads\/2024\/08\/ParadePark_LetoslavChromek-27-220x220-c-default.jpg 220w, https:\/\/festival.praguepride.com\/app\/uploads\/2024\/08\/ParadePark_LetoslavChromek-27-440x440-c-default.jpg 440w\" src=\"data:image\/gif;base64,R0lGODlhAQABAIAAAAAAAP\/\/\/yH5BAEAAAAALAAAAAABAAEAAAIBRAA7\"\n          class=\"b-gallery__thumbnail\"\n          loading=\"lazy\"\n          width=\"512\"\n          height=\"512\"\n          alt=\"Parade+Park_Le\u0301toslavChromek (27)\"\/>\n      <\/figure>\n    <\/a>\n      <a\n      href=\"https:\/\/festival.praguepride.com\/app\/uploads\/2024\/08\/ParadePark_LetoslavChromek-30-1920x0-c-default.jpg\"\n      data-barba-prevent>\n      <figure class=\"b-gallery__item\">\n        <img decoding=\"async\" srcset=\"https:\/\/festival.praguepride.com\/app\/uploads\/2024\/08\/ParadePark_LetoslavChromek-30-220x220-c-default.jpg 220w, https:\/\/festival.praguepride.com\/app\/uploads\/2024\/08\/ParadePark_LetoslavChromek-30-440x440-c-default.jpg 440w\" src=\"data:image\/gif;base64,R0lGODlhAQABAIAAAAAAAP\/\/\/yH5BAEAAAAALAAAAAABAAEAAAIBRAA7\"\n          class=\"b-gallery__thumbnail\"\n          loading=\"lazy\"\n          width=\"512\"\n          height=\"512\"\n          alt=\"Parade+Park_Le\u0301toslavChromek (30)\"\/>\n      <\/figure>\n    <\/a>\n      <a\n      href=\"https:\/\/festival.praguepride.com\/app\/uploads\/2024\/08\/ParadePark_LetoslavChromek-31-1920x0-c-default.jpg\"\n      data-barba-prevent>\n      <figure class=\"b-gallery__item\">\n        <img decoding=\"async\" srcset=\"https:\/\/festival.praguepride.com\/app\/uploads\/2024\/08\/ParadePark_LetoslavChromek-31-220x220-c-default.jpg 220w, https:\/\/festival.praguepride.com\/app\/uploads\/2024\/08\/ParadePark_LetoslavChromek-31-440x440-c-default.jpg 440w\" src=\"data:image\/gif;base64,R0lGODlhAQABAIAAAAAAAP\/\/\/yH5BAEAAAAALAAAAAABAAEAAAIBRAA7\"\n          class=\"b-gallery__thumbnail\"\n          loading=\"lazy\"\n          width=\"512\"\n          height=\"512\"\n          alt=\"Parade+Park_Le\u0301toslavChromek (31)\"\/>\n      <\/figure>\n    <\/a>\n      <a\n      href=\"https:\/\/festival.praguepride.com\/app\/uploads\/2024\/08\/ParadePark_LetoslavChromek-32-1920x0-c-default.jpg\"\n      data-barba-prevent>\n      <figure class=\"b-gallery__item\">\n        <img decoding=\"async\" srcset=\"https:\/\/festival.praguepride.com\/app\/uploads\/2024\/08\/ParadePark_LetoslavChromek-32-220x220-c-default.jpg 220w, https:\/\/festival.praguepride.com\/app\/uploads\/2024\/08\/ParadePark_LetoslavChromek-32-440x440-c-default.jpg 440w\" src=\"data:image\/gif;base64,R0lGODlhAQABAIAAAAAAAP\/\/\/yH5BAEAAAAALAAAAAABAAEAAAIBRAA7\"\n          class=\"b-gallery__thumbnail\"\n          loading=\"lazy\"\n          width=\"512\"\n          height=\"512\"\n          alt=\"Parade+Park_Le\u0301toslavChromek (32)\"\/>\n      <\/figure>\n    <\/a>\n      <a\n      href=\"https:\/\/festival.praguepride.com\/app\/uploads\/2024\/08\/ParadePark_LetoslavChromek-35-1920x0-c-default.jpg\"\n      data-barba-prevent>\n      <figure class=\"b-gallery__item\">\n        <img decoding=\"async\" srcset=\"https:\/\/festival.praguepride.com\/app\/uploads\/2024\/08\/ParadePark_LetoslavChromek-35-220x220-c-default.jpg 220w, https:\/\/festival.praguepride.com\/app\/uploads\/2024\/08\/ParadePark_LetoslavChromek-35-440x440-c-default.jpg 440w\" src=\"data:image\/gif;base64,R0lGODlhAQABAIAAAAAAAP\/\/\/yH5BAEAAAAALAAAAAABAAEAAAIBRAA7\"\n          class=\"b-gallery__thumbnail\"\n          loading=\"lazy\"\n          width=\"512\"\n          height=\"512\"\n          alt=\"Parade+Park_Le\u0301toslavChromek (35)\"\/>\n      <\/figure>\n    <\/a>\n  <\/div>\n\n<\/div>\n","protected":false},"excerpt":{"rendered":"<p>Photo by: Al\u017eb\u011bta Ivan\u010denkov\u00e1 Photo by: Oleksandra Khlyzina Photo by: Milan Mo\u0161na Photo by: Jana Kup\u010d\u00e1kov\u00e1 Photo by: L\u00e9toslav Chromek<\/p>\n","protected":false},"author":11,"featured_media":24189,"comment_status":"closed","ping_status":"closed","sticky":false,"template":"","format":"standard","meta":{"footnotes":""},"categories":[125],"tags":[],"class_list":["post-24203","post","type-post","status-publish","format-standard","has-post-thumbnail","hentry","category-photogallery-saturday"],"acf":[],"yoast_head":"<!-- This site is optimized with the Yoast SEO plugin v27.3 - https:\/\/yoast.com\/product\/yoast-seo-wordpress\/ -->\n<title>Prague Pride Festival<\/title>\n<meta name=\"robots\" content=\"index, follow, max-snippet:-1, max-image-preview:large, max-video-preview:-1\" \/>\n<link rel=\"canonical\" href=\"https:\/\/festival.praguepride.com\/en\/pride-park\/\" \/>\n<meta property=\"og:locale\" content=\"en_US\" \/>\n<meta property=\"og:type\" content=\"article\" \/>\n<meta property=\"og:site_name\" content=\"Prague Pride Festival\" \/>\n<meta property=\"article:publisher\" content=\"https:\/\/www.facebook.com\/PraguePrideCZ\" \/>\n<meta property=\"article:published_time\" content=\"2024-08-10T18:00:00+00:00\" \/>\n<meta property=\"article:modified_time\" content=\"2024-08-15T06:43:21+00:00\" \/>\n<meta property=\"og:image\" content=\"https:\/\/festival.praguepride.com\/app\/uploads\/2024\/08\/NZ5_1086.jpg\" \/>\n\t<meta property=\"og:image:width\" content=\"1024\" \/>\n\t<meta property=\"og:image:height\" content=\"684\" \/>\n\t<meta property=\"og:image:type\" content=\"image\/jpeg\" \/>\n<meta name=\"author\" content=\"G\u00e1bi Kincl\" \/>\n<meta name=\"twitter:card\" content=\"summary_large_image\" \/>\n<meta name=\"twitter:creator\" content=\"@praguepride\" \/>\n<meta name=\"twitter:site\" content=\"@praguepride\" \/>\n<script type=\"application\/ld+json\" class=\"yoast-schema-graph\">{\"@context\":\"https:\\\/\\\/schema.org\",\"@graph\":[{\"@type\":\"Article\",\"@id\":\"https:\\\/\\\/festival.praguepride.com\\\/en\\\/pride-park\\\/#article\",\"isPartOf\":{\"@id\":\"https:\\\/\\\/festival.praguepride.com\\\/en\\\/pride-park\\\/\"},\"author\":{\"name\":\"G\u00e1bi Kincl\",\"@id\":\"https:\\\/\\\/festival.praguepride.com\\\/en\\\/#\\\/schema\\\/person\\\/434ffb4b1a034d02f8e6cbb4b2692ef3\"},\"headline\":\"Pride Park\",\"datePublished\":\"2024-08-10T18:00:00+00:00\",\"dateModified\":\"2024-08-15T06:43:21+00:00\",\"mainEntityOfPage\":{\"@id\":\"https:\\\/\\\/festival.praguepride.com\\\/en\\\/pride-park\\\/\"},\"wordCount\":28,\"publisher\":{\"@id\":\"https:\\\/\\\/festival.praguepride.com\\\/en\\\/#organization\"},\"image\":{\"@id\":\"https:\\\/\\\/festival.praguepride.com\\\/en\\\/pride-park\\\/#primaryimage\"},\"thumbnailUrl\":\"https:\\\/\\\/festival.praguepride.com\\\/app\\\/uploads\\\/2024\\\/08\\\/NZ5_1086.jpg\",\"articleSection\":[\"Photogallery 2024 - Saturday\"],\"inLanguage\":\"en-US\"},{\"@type\":\"WebPage\",\"@id\":\"https:\\\/\\\/festival.praguepride.com\\\/en\\\/pride-park\\\/\",\"url\":\"https:\\\/\\\/festival.praguepride.com\\\/en\\\/pride-park\\\/\",\"name\":\"Pride Park | Prague Pride Festival\",\"isPartOf\":{\"@id\":\"https:\\\/\\\/festival.praguepride.com\\\/en\\\/#website\"},\"primaryImageOfPage\":{\"@id\":\"https:\\\/\\\/festival.praguepride.com\\\/en\\\/pride-park\\\/#primaryimage\"},\"image\":{\"@id\":\"https:\\\/\\\/festival.praguepride.com\\\/en\\\/pride-park\\\/#primaryimage\"},\"thumbnailUrl\":\"https:\\\/\\\/festival.praguepride.com\\\/app\\\/uploads\\\/2024\\\/08\\\/NZ5_1086.jpg\",\"datePublished\":\"2024-08-10T18:00:00+00:00\",\"dateModified\":\"2024-08-15T06:43:21+00:00\",\"description\":\"D\u011bkujeme n\u00e1v\u0161t\u011bvnictvu Prague Pride Festivalu 2024! Do pr\u016fvodu v\u00e1s p\u0159i\u0161lo p\u0159es 100 000. T\u011b\u0161\u00edme se na v\u00e1s na Prague Pride Festivalu 28. 7. \u2013 3. 8. 2025\",\"breadcrumb\":{\"@id\":\"https:\\\/\\\/festival.praguepride.com\\\/en\\\/pride-park\\\/#breadcrumb\"},\"inLanguage\":\"en-US\",\"potentialAction\":[{\"@type\":\"ReadAction\",\"target\":[\"https:\\\/\\\/festival.praguepride.com\\\/en\\\/pride-park\\\/\"]}]},{\"@type\":\"ImageObject\",\"inLanguage\":\"en-US\",\"@id\":\"https:\\\/\\\/festival.praguepride.com\\\/en\\\/pride-park\\\/#primaryimage\",\"url\":\"https:\\\/\\\/festival.praguepride.com\\\/app\\\/uploads\\\/2024\\\/08\\\/NZ5_1086.jpg\",\"contentUrl\":\"https:\\\/\\\/festival.praguepride.com\\\/app\\\/uploads\\\/2024\\\/08\\\/NZ5_1086.jpg\",\"width\":1024,\"height\":684},{\"@type\":\"BreadcrumbList\",\"@id\":\"https:\\\/\\\/festival.praguepride.com\\\/en\\\/pride-park\\\/#breadcrumb\",\"itemListElement\":[{\"@type\":\"ListItem\",\"position\":1,\"name\":\"Home\",\"item\":\"https:\\\/\\\/festival.praguepride.com\\\/en\\\/\"},{\"@type\":\"ListItem\",\"position\":2,\"name\":\"Pride Park\"}]},{\"@type\":\"WebSite\",\"@id\":\"https:\\\/\\\/festival.praguepride.com\\\/en\\\/#website\",\"url\":\"https:\\\/\\\/festival.praguepride.com\\\/en\\\/\",\"name\":\"Prague Pride Festival\",\"description\":\"3\\\/8 - 9\\\/8\\\/2026\",\"publisher\":{\"@id\":\"https:\\\/\\\/festival.praguepride.com\\\/en\\\/#organization\"},\"potentialAction\":[{\"@type\":\"SearchAction\",\"target\":{\"@type\":\"EntryPoint\",\"urlTemplate\":\"https:\\\/\\\/festival.praguepride.com\\\/en\\\/?s={search_term_string}\"},\"query-input\":{\"@type\":\"PropertyValueSpecification\",\"valueRequired\":true,\"valueName\":\"search_term_string\"}}],\"inLanguage\":\"en-US\"},{\"@type\":\"Organization\",\"@id\":\"https:\\\/\\\/festival.praguepride.com\\\/en\\\/#organization\",\"name\":\"Prague Pride Festival\",\"url\":\"https:\\\/\\\/festival.praguepride.com\\\/en\\\/\",\"logo\":{\"@type\":\"ImageObject\",\"inLanguage\":\"en-US\",\"@id\":\"https:\\\/\\\/festival.praguepride.com\\\/en\\\/#\\\/schema\\\/logo\\\/image\\\/\",\"url\":\"https:\\\/\\\/festival.praguepride.com\\\/app\\\/uploads\\\/2022\\\/06\\\/favicon.png\",\"contentUrl\":\"https:\\\/\\\/festival.praguepride.com\\\/app\\\/uploads\\\/2022\\\/06\\\/favicon.png\",\"width\":512,\"height\":512,\"caption\":\"Prague Pride Festival\"},\"image\":{\"@id\":\"https:\\\/\\\/festival.praguepride.com\\\/en\\\/#\\\/schema\\\/logo\\\/image\\\/\"},\"sameAs\":[\"https:\\\/\\\/www.facebook.com\\\/PraguePrideCZ\",\"https:\\\/\\\/x.com\\\/praguepride\",\"https:\\\/\\\/www.instagram.com\\\/prague.pride\\\/\",\"https:\\\/\\\/www.linkedin.com\\\/company\\\/prague-pride-o.s.\\\/\"]},{\"@type\":\"Person\",\"@id\":\"https:\\\/\\\/festival.praguepride.com\\\/en\\\/#\\\/schema\\\/person\\\/434ffb4b1a034d02f8e6cbb4b2692ef3\",\"name\":\"G\u00e1bi Kincl\",\"image\":{\"@type\":\"ImageObject\",\"inLanguage\":\"en-US\",\"@id\":\"https:\\\/\\\/secure.gravatar.com\\\/avatar\\\/7cd611ba8897bc3fb0ae9a49d085c777c2c059c8bcdb2e576d954be11f925e01?s=96&d=mm&r=g\",\"url\":\"https:\\\/\\\/secure.gravatar.com\\\/avatar\\\/7cd611ba8897bc3fb0ae9a49d085c777c2c059c8bcdb2e576d954be11f925e01?s=96&d=mm&r=g\",\"contentUrl\":\"https:\\\/\\\/secure.gravatar.com\\\/avatar\\\/7cd611ba8897bc3fb0ae9a49d085c777c2c059c8bcdb2e576d954be11f925e01?s=96&d=mm&r=g\",\"caption\":\"G\u00e1bi Kincl\"}}]}<\/script>\n<!-- \/ Yoast SEO plugin. -->","yoast_head_json":{"title":"Prague Pride Festival","robots":{"index":"index","follow":"follow","max-snippet":"max-snippet:-1","max-image-preview":"max-image-preview:large","max-video-preview":"max-video-preview:-1"},"canonical":"https:\/\/festival.praguepride.com\/en\/pride-park\/","og_locale":"en_US","og_type":"article","og_site_name":"Prague Pride Festival","article_publisher":"https:\/\/www.facebook.com\/PraguePrideCZ","article_published_time":"2024-08-10T18:00:00+00:00","article_modified_time":"2024-08-15T06:43:21+00:00","og_image":[{"width":1024,"height":684,"url":"https:\/\/festival.praguepride.com\/app\/uploads\/2024\/08\/NZ5_1086.jpg","type":"image\/jpeg"}],"author":"G\u00e1bi Kincl","twitter_card":"summary_large_image","twitter_creator":"@praguepride","twitter_site":"@praguepride","schema":{"@context":"https:\/\/schema.org","@graph":[{"@type":"Article","@id":"https:\/\/festival.praguepride.com\/en\/pride-park\/#article","isPartOf":{"@id":"https:\/\/festival.praguepride.com\/en\/pride-park\/"},"author":{"name":"G\u00e1bi Kincl","@id":"https:\/\/festival.praguepride.com\/en\/#\/schema\/person\/434ffb4b1a034d02f8e6cbb4b2692ef3"},"headline":"Pride Park","datePublished":"2024-08-10T18:00:00+00:00","dateModified":"2024-08-15T06:43:21+00:00","mainEntityOfPage":{"@id":"https:\/\/festival.praguepride.com\/en\/pride-park\/"},"wordCount":28,"publisher":{"@id":"https:\/\/festival.praguepride.com\/en\/#organization"},"image":{"@id":"https:\/\/festival.praguepride.com\/en\/pride-park\/#primaryimage"},"thumbnailUrl":"https:\/\/festival.praguepride.com\/app\/uploads\/2024\/08\/NZ5_1086.jpg","articleSection":["Photogallery 2024 - Saturday"],"inLanguage":"en-US"},{"@type":"WebPage","@id":"https:\/\/festival.praguepride.com\/en\/pride-park\/","url":"https:\/\/festival.praguepride.com\/en\/pride-park\/","name":"Pride Park | Prague Pride Festival","isPartOf":{"@id":"https:\/\/festival.praguepride.com\/en\/#website"},"primaryImageOfPage":{"@id":"https:\/\/festival.praguepride.com\/en\/pride-park\/#primaryimage"},"image":{"@id":"https:\/\/festival.praguepride.com\/en\/pride-park\/#primaryimage"},"thumbnailUrl":"https:\/\/festival.praguepride.com\/app\/uploads\/2024\/08\/NZ5_1086.jpg","datePublished":"2024-08-10T18:00:00+00:00","dateModified":"2024-08-15T06:43:21+00:00","description":"D\u011bkujeme n\u00e1v\u0161t\u011bvnictvu Prague Pride Festivalu 2024! Do pr\u016fvodu v\u00e1s p\u0159i\u0161lo p\u0159es 100 000. T\u011b\u0161\u00edme se na v\u00e1s na Prague Pride Festivalu 28. 7. \u2013 3. 8. 2025","breadcrumb":{"@id":"https:\/\/festival.praguepride.com\/en\/pride-park\/#breadcrumb"},"inLanguage":"en-US","potentialAction":[{"@type":"ReadAction","target":["https:\/\/festival.praguepride.com\/en\/pride-park\/"]}]},{"@type":"ImageObject","inLanguage":"en-US","@id":"https:\/\/festival.praguepride.com\/en\/pride-park\/#primaryimage","url":"https:\/\/festival.praguepride.com\/app\/uploads\/2024\/08\/NZ5_1086.jpg","contentUrl":"https:\/\/festival.praguepride.com\/app\/uploads\/2024\/08\/NZ5_1086.jpg","width":1024,"height":684},{"@type":"BreadcrumbList","@id":"https:\/\/festival.praguepride.com\/en\/pride-park\/#breadcrumb","itemListElement":[{"@type":"ListItem","position":1,"name":"Home","item":"https:\/\/festival.praguepride.com\/en\/"},{"@type":"ListItem","position":2,"name":"Pride Park"}]},{"@type":"WebSite","@id":"https:\/\/festival.praguepride.com\/en\/#website","url":"https:\/\/festival.praguepride.com\/en\/","name":"Prague Pride Festival","description":"3\/8 - 9\/8\/2026","publisher":{"@id":"https:\/\/festival.praguepride.com\/en\/#organization"},"potentialAction":[{"@type":"SearchAction","target":{"@type":"EntryPoint","urlTemplate":"https:\/\/festival.praguepride.com\/en\/?s={search_term_string}"},"query-input":{"@type":"PropertyValueSpecification","valueRequired":true,"valueName":"search_term_string"}}],"inLanguage":"en-US"},{"@type":"Organization","@id":"https:\/\/festival.praguepride.com\/en\/#organization","name":"Prague Pride Festival","url":"https:\/\/festival.praguepride.com\/en\/","logo":{"@type":"ImageObject","inLanguage":"en-US","@id":"https:\/\/festival.praguepride.com\/en\/#\/schema\/logo\/image\/","url":"https:\/\/festival.praguepride.com\/app\/uploads\/2022\/06\/favicon.png","contentUrl":"https:\/\/festival.praguepride.com\/app\/uploads\/2022\/06\/favicon.png","width":512,"height":512,"caption":"Prague Pride Festival"},"image":{"@id":"https:\/\/festival.praguepride.com\/en\/#\/schema\/logo\/image\/"},"sameAs":["https:\/\/www.facebook.com\/PraguePrideCZ","https:\/\/x.com\/praguepride","https:\/\/www.instagram.com\/prague.pride\/","https:\/\/www.linkedin.com\/company\/prague-pride-o.s.\/"]},{"@type":"Person","@id":"https:\/\/festival.praguepride.com\/en\/#\/schema\/person\/434ffb4b1a034d02f8e6cbb4b2692ef3","name":"G\u00e1bi Kincl","image":{"@type":"ImageObject","inLanguage":"en-US","@id":"https:\/\/secure.gravatar.com\/avatar\/7cd611ba8897bc3fb0ae9a49d085c777c2c059c8bcdb2e576d954be11f925e01?s=96&d=mm&r=g","url":"https:\/\/secure.gravatar.com\/avatar\/7cd611ba8897bc3fb0ae9a49d085c777c2c059c8bcdb2e576d954be11f925e01?s=96&d=mm&r=g","contentUrl":"https:\/\/secure.gravatar.com\/avatar\/7cd611ba8897bc3fb0ae9a49d085c777c2c059c8bcdb2e576d954be11f925e01?s=96&d=mm&r=g","caption":"G\u00e1bi Kincl"}}]}},"_links":{"self":[{"href":"https:\/\/festival.praguepride.com\/en\/wp-json\/wp\/v2\/posts\/24203","targetHints":{"allow":["GET"]}}],"collection":[{"href":"https:\/\/festival.praguepride.com\/en\/wp-json\/wp\/v2\/posts"}],"about":[{"href":"https:\/\/festival.praguepride.com\/en\/wp-json\/wp\/v2\/types\/post"}],"author":[{"embeddable":true,"href":"https:\/\/festival.praguepride.com\/en\/wp-json\/wp\/v2\/users\/11"}],"replies":[{"embeddable":true,"href":"https:\/\/festival.praguepride.com\/en\/wp-json\/wp\/v2\/comments?post=24203"}],"version-history":[{"count":5,"href":"https:\/\/festival.praguepride.com\/en\/wp-json\/wp\/v2\/posts\/24203\/revisions"}],"predecessor-version":[{"id":25380,"href":"https:\/\/festival.praguepride.com\/en\/wp-json\/wp\/v2\/posts\/24203\/revisions\/25380"}],"wp:featuredmedia":[{"embeddable":true,"href":"https:\/\/festival.praguepride.com\/en\/wp-json\/wp\/v2\/media\/24189"}],"wp:attachment":[{"href":"https:\/\/festival.praguepride.com\/en\/wp-json\/wp\/v2\/media?parent=24203"}],"wp:term":[{"taxonomy":"category","embeddable":true,"href":"https:\/\/festival.praguepride.com\/en\/wp-json\/wp\/v2\/categories?post=24203"},{"taxonomy":"post_tag","embeddable":true,"href":"https:\/\/festival.praguepride.com\/en\/wp-json\/wp\/v2\/tags?post=24203"}],"curies":[{"name":"wp","href":"https:\/\/api.w.org\/{rel}","templated":true}]}}